{"id":9665,"date":"2023-07-13T07:45:52","date_gmt":"2023-07-13T07:45:52","guid":{"rendered":"https:\/\/dpoassociates.eu\/les-meta-peuvent-etre-restreints-en-fonction-des-mises-a-jour-du-gdpr\/"},"modified":"2024-07-05T09:29:15","modified_gmt":"2024-07-05T09:29:15","slug":"les-meta-peuvent-etre-restreints-en-fonction-des-mises-a-jour-du-gdpr","status":"publish","type":"post","link":"https:\/\/dpoassociates.eu\/fr\/les-meta-peuvent-etre-restreints-en-fonction-des-mises-a-jour-du-gdpr\/","title":{"rendered":"Les m\u00e9ta peuvent \u00eatre restreints en fonction des mises \u00e0 jour du RGPD"},"content":{"rendered":"\t\t<div data-elementor-type=\"wp-post\" data-elementor-id=\"9665\" class=\"elementor elementor-9665 elementor-9301\" data-elementor-post-type=\"post\">\n\t\t\t\t\t\t<section class=\"elementor-section elementor-top-section elementor-element elementor-element-f33ae36 elementor-section-boxed elementor-section-height-default elementor-section-height-default\" data-id=\"f33ae36\" data-element_type=\"section\" data-e-type=\"section\">\n\t\t\t\t\t\t<div class=\"elementor-container elementor-column-gap-default\">\n\t\t\t\t\t<div class=\"elementor-column elementor-col-100 elementor-top-column elementor-element elementor-element-79eeb77\" data-id=\"79eeb77\" data-element_type=\"column\" data-e-type=\"column\">\n\t\t\t<div class=\"elementor-widget-wrap elementor-element-populated\">\n\t\t\t\t\t\t<div class=\"elementor-element elementor-element-e7043b9 elementor-widget elementor-widget-heading\" data-id=\"e7043b9\" data-element_type=\"widget\" data-e-type=\"widget\" data-widget_type=\"heading.default\">\n\t\t\t\t<div class=\"elementor-widget-container\">\n\t\t\t\t\t<h2 class=\"elementor-heading-title elementor-size-default\">L'autorit\u00e9 allemande de la concurrence obtient gain de cause aupr\u00e8s de la CJCE :  \nLes m\u00e9ta peuvent \u00eatre restreints en fonction des mises \u00e0 jour du GDPR  <\/h2>\t\t\t\t<\/div>\n\t\t\t\t<\/div>\n\t\t\t\t\t<\/div>\n\t\t<\/div>\n\t\t\t\t\t<\/div>\n\t\t<\/section>\n\t\t\t\t<section class=\"elementor-section elementor-top-section elementor-element elementor-element-726c93d elementor-section-boxed elementor-section-height-default elementor-section-height-default\" data-id=\"726c93d\" data-element_type=\"section\" data-e-type=\"section\">\n\t\t\t\t\t\t<div class=\"elementor-container elementor-column-gap-default\">\n\t\t\t\t\t<div class=\"elementor-column elementor-col-100 elementor-top-column elementor-element elementor-element-e9e9273\" data-id=\"e9e9273\" data-element_type=\"column\" data-e-type=\"column\">\n\t\t\t<div class=\"elementor-widget-wrap elementor-element-populated\">\n\t\t\t\t\t\t<div class=\"elementor-element elementor-element-0c81ae0 elementor-widget elementor-widget-text-editor\" data-id=\"0c81ae0\" data-element_type=\"widget\" data-e-type=\"widget\" data-widget_type=\"text-editor.default\">\n\t\t\t\t<div class=\"elementor-widget-container\">\n\t\t\t\t\t\t\t\t\t<p><em>L&rsquo;autorit\u00e9 allemande de la concurrence, le Bundeskartellamt, a de nouveau obtenu gain de cause aupr\u00e8s de la Cour europ\u00e9enne de justice dans l&rsquo;affaire C-252\/21 contre<a href=\"https:\/\/nl.wikipedia.org\/wiki\/Meta_Platforms\"> Meta <\/a>.   <\/em><\/p>\n<p><em>Meta a jug\u00e9 inacceptable que l&rsquo;Office f\u00e9d\u00e9ral des cartels se penche activement sur les lois relatives \u00e0 la protection de la vie priv\u00e9e et a d\u00e9cid\u00e9 de restreindre l&rsquo;acc\u00e8s \u00e0 la plateforme Facebook. Meta a estim\u00e9 que ce n&rsquo;\u00e9tait pas le travail de l&rsquo;autorit\u00e9 de r\u00e9gulation.  <\/em><\/p>\n<p><em>La CJUE estime que l&rsquo;autorit\u00e9 allemande de la concurrence peut ordonner \u00e0 Meta, en vertu du GDPR, de restreindre la collecte de donn\u00e9es via Facebook et d&rsquo;autres plateformes.  <\/em><\/p>\n\t\t\t\t\t\t\t\t<\/div>\n\t\t\t\t<\/div>\n\t\t\t\t\t<\/div>\n\t\t<\/div>\n\t\t\t\t\t<\/div>\n\t\t<\/section>\n\t\t\t\t<section class=\"elementor-section elementor-top-section elementor-element elementor-element-2be1015 elementor-section-boxed elementor-section-height-default elementor-section-height-default\" data-id=\"2be1015\" data-element_type=\"section\" data-e-type=\"section\">\n\t\t\t\t\t\t<div class=\"elementor-container elementor-column-gap-default\">\n\t\t\t\t\t<div class=\"elementor-column elementor-col-100 elementor-top-column elementor-element elementor-element-6f11398\" data-id=\"6f11398\" data-element_type=\"column\" data-e-type=\"column\">\n\t\t\t<div class=\"elementor-widget-wrap elementor-element-populated\">\n\t\t\t\t\t\t<div class=\"elementor-element elementor-element-af22e6e elementor-widget elementor-widget-image\" data-id=\"af22e6e\" data-element_type=\"widget\" data-e-type=\"widget\" data-widget_type=\"image.default\">\n\t\t\t\t<div class=\"elementor-widget-container\">\n\t\t\t\t\t\t\t\t\t\t\t\t\t\t\t<img fetchpriority=\"high\" decoding=\"async\" width=\"300\" height=\"300\" src=\"https:\/\/dpoassociates.eu\/wp-content\/uploads\/2023\/07\/Ontwerp-zonder-titel-175-300x300.png\" class=\"attachment-medium size-medium wp-image-9624\" alt=\"\" srcset=\"https:\/\/dpoassociates.eu\/wp-content\/uploads\/2023\/07\/Ontwerp-zonder-titel-175-300x300.png 300w, https:\/\/dpoassociates.eu\/wp-content\/uploads\/2023\/07\/Ontwerp-zonder-titel-175-100x100.png 100w, https:\/\/dpoassociates.eu\/wp-content\/uploads\/2023\/07\/Ontwerp-zonder-titel-175-600x600.png 600w, https:\/\/dpoassociates.eu\/wp-content\/uploads\/2023\/07\/Ontwerp-zonder-titel-175-1024x1024.png 1024w, https:\/\/dpoassociates.eu\/wp-content\/uploads\/2023\/07\/Ontwerp-zonder-titel-175-150x150.png 150w, https:\/\/dpoassociates.eu\/wp-content\/uploads\/2023\/07\/Ontwerp-zonder-titel-175-768x768.png 768w, https:\/\/dpoassociates.eu\/wp-content\/uploads\/2023\/07\/Ontwerp-zonder-titel-175-650x650.png 650w, https:\/\/dpoassociates.eu\/wp-content\/uploads\/2023\/07\/Ontwerp-zonder-titel-175.png 1080w\" sizes=\"(max-width: 300px) 100vw, 300px\" \/>\t\t\t\t\t\t\t\t\t\t\t\t\t\t\t<\/div>\n\t\t\t\t<\/div>\n\t\t\t\t\t<\/div>\n\t\t<\/div>\n\t\t\t\t\t<\/div>\n\t\t<\/section>\n\t\t\t\t<section class=\"elementor-section elementor-top-section elementor-element elementor-element-a5e559f elementor-section-boxed elementor-section-height-default elementor-section-height-default\" data-id=\"a5e559f\" data-element_type=\"section\" data-e-type=\"section\">\n\t\t\t\t\t\t<div class=\"elementor-container elementor-column-gap-default\">\n\t\t\t\t\t<div class=\"elementor-column elementor-col-100 elementor-top-column elementor-element elementor-element-c4ac3ae\" data-id=\"c4ac3ae\" data-element_type=\"column\" data-e-type=\"column\">\n\t\t\t<div class=\"elementor-widget-wrap elementor-element-populated\">\n\t\t\t\t\t\t<div class=\"elementor-element elementor-element-20cebb6 elementor-widget elementor-widget-text-editor\" data-id=\"20cebb6\" data-element_type=\"widget\" data-e-type=\"widget\" data-widget_type=\"text-editor.default\">\n\t\t\t\t<div class=\"elementor-widget-container\">\n\t\t\t\t\t\t\t\t\t<h4>Les faits<\/h4>\n<p><span data-contrast=\"auto\">Meta Platforms Ireland est la soci\u00e9t\u00e9 qui g\u00e8re le r\u00e9seau social Facebook. En s&rsquo;inscrivant sur Facebook, les utilisateurs acceptent les conditions d&rsquo;utilisation de l&rsquo;entreprise, c&rsquo;est-\u00e0-dire la politique en mati\u00e8re de confidentialit\u00e9 et de cookies. Conform\u00e9ment \u00e0 cette politique, Meta Platforms Ireland recueille des donn\u00e9es sur vos activit\u00e9s au sein et en dehors du r\u00e9seau social et les relie \u00e0 votre compte Facebook.  <\/span><span data-ccp-props=\"{\"335551550\":6,\"335551620\":6}\"> <\/span><\/p>\n<p><span data-contrast=\"auto\">Les donn\u00e9es relatives \u00e0 vos activit\u00e9s en dehors des r\u00e9seaux sociaux, \u00e9galement appel\u00e9es \u00ab\u00a0donn\u00e9es hors Facebook\u00a0\u00bb, concernent vos visites sur des sites web et des applis de tiers et votre utilisation d&rsquo;autres services en ligne de Meta Group (tels qu&rsquo;Instagram et WhatsApp).  <\/span><span data-ccp-props=\"{\"335551550\":6,\"335551620\":6}\"> <\/span><\/p>\n<p><span data-contrast=\"auto\">Les donn\u00e9es ainsi collect\u00e9es permettent, entre autres, de fournir des messages publicitaires personnalis\u00e9s aux utilisateurs de Facebook.<\/span><span data-ccp-props=\"{\"335551550\":6,\"335551620\":6}\"> <\/span><\/p>\n<div class=\"flex-shrink-0 flex flex-col relative items-end\">\n<div class=\"w-[30px]\"> <\/div>\n<\/div>\n<div class=\"relative flex w-[calc(100%-50px)] flex-col gap-1 md:gap-3 lg:w-[calc(100%-115px)]\">\n<div class=\"flex flex-grow flex-col gap-3\">\n<div class=\"min-h-[20px] flex items-start overflow-x-auto whitespace-pre-wrap break-words flex-col gap-4\">\n<div class=\"markdown prose w-full break-words dark:prose-invert light\">\n<h4>L&rsquo;autorit\u00e9 allemande de la concurrence interdit \u00e0 Facebook de traiter des donn\u00e9es hors Facebook sans consentement, pour violation du GDPR<\/h4>\n<p><span class=\"NormalTextRun SCXW233334188 BCX4\" data-ccp-parastyle=\"Normal (Web)\">L&rsquo;Allemagne  <\/span><span class=\"NormalTextRun SCXW233334188 BCX4\" data-ccp-parastyle=\"Normal (Web)\">autorit\u00e9 de la concurrence  <\/span><span class=\"NormalTextRun SCXW233334188 BCX4\" data-ccp-parastyle=\"Normal (Web)\">a notamment \u00e9mis une interdiction de pr\u00e9voir dans les conditions g\u00e9n\u00e9rales de vente que<\/span><span class=\"NormalTextRun SCXW233334188 BCX4\" data-ccp-parastyle=\"Normal (Web)\">  ee<\/span><span class=\"NormalTextRun SCXW233334188 BCX4\" data-ccp-parastyle=\"Normal (Web)\">n<\/span><span class=\"NormalTextRun SCXW233334188 BCX4\" data-ccp-parastyle=\"Normal (Web)\">  les personnes r\u00e9sidant en Allemagne n&rsquo;utilisent que  <\/span><span class=\"NormalTextRun SCXW233334188 BCX4\" data-ccp-parastyle=\"Normal (Web)\">peut<\/span> <span class=\"NormalTextRun SCXW233334188 BCX4\" data-ccp-parastyle=\"Normal (Web)\">Mise \u00e0 disposition du r\u00e9seau social Facebook  <\/span><span class=\"NormalTextRun SCXW233334188 BCX4\" data-ccp-parastyle=\"Normal (Web)\">son<\/span><span class=\"NormalTextRun SCXW233334188 BCX4\" data-ccp-parastyle=\"Normal (Web)\">  les donn\u00e9es hors Facebook sont trait\u00e9es,<\/span> <span class=\"NormalTextRun SCXW233334188 BCX4\" data-ccp-parastyle=\"Normal (Web)\">et de traiter ces donn\u00e9es sans leur consentement.  <\/span><span class=\"NormalTextRun SCXW233334188 BCX4\" data-ccp-parastyle=\"Normal (Web)\">L&rsquo;autorit\u00e9  <\/span><span class=\"NormalTextRun SCXW233334188 BCX4\" data-ccp-parastyle=\"Normal (Web)\">a  <\/span><span class=\"NormalTextRun SCXW233334188 BCX4\" data-ccp-parastyle=\"Normal (Web)\">les<\/span><span class=\"NormalTextRun SCXW233334188 BCX4\" data-ccp-parastyle=\"Normal (Web)\">  L&rsquo;interdiction est justifi\u00e9e par le fait que  <\/span><span class=\"NormalTextRun SCXW233334188 BCX4\" data-ccp-parastyle=\"Normal (Web)\">tels<\/span><span class=\"NormalTextRun SCXW233334188 BCX4\" data-ccp-parastyle=\"Normal (Web)\">  traitement  <\/span><span class=\"NormalTextRun SCXW233334188 BCX4\" data-ccp-parastyle=\"Normal (Web)\">enti\u00e8rement  <\/span><span class=\"NormalTextRun SCXW233334188 BCX4\" data-ccp-parastyle=\"Normal (Web)\">n&rsquo;est pas conforme \u00e0 la  <\/span><span class=\"NormalTextRun SCXW233334188 BCX4\" data-ccp-parastyle=\"Normal (Web)\">les dispositions du GDPR<\/span><span class=\"NormalTextRun SCXW233334188 BCX4\" data-ccp-parastyle=\"Normal (Web)\">et que les plates-formes Meta Ireland  <\/span><span class=\"NormalTextRun SCXW233334188 BCX4\" data-ccp-parastyle=\"Normal (Web)\">clairement  <\/span><span class=\"NormalTextRun SCXW233334188 BCX4\" data-ccp-parastyle=\"Normal (Web)\">abuse de sa position dominante sur le march\u00e9 allemand des r\u00e9seaux sociaux en ligne.<\/span><\/p>\n<h4>Un tribunal allemand soumet des questions sur le GDPR \u00e0 la Cour de justice de l&rsquo;Union europ\u00e9enne dans l&rsquo;affaire Facebook<\/h4>\n<p>`<span class=\"TextRun SCXW181076172 BCX4\" lang=\"NL-BE\" xml:lang=\"NL-BE\" data-contrast=\"auto\"><span class=\"NormalTextRun SCXW181076172 BCX4\">Le <\/span><span class=\"NormalTextRun SpellingErrorV2Themed SCXW181076172 BCX4\">Oberlandesgericht<\/span> <span class=\"NormalTextRun SCXW181076172 BCX4\">D\u00fcsseldorf,<\/span><span class=\"NormalTextRun SCXW181076172 BCX4\"> dans lequel un recours w<\/span><span class=\"NormalTextRun SCXW181076172 BCX4\">a \u00e9t\u00e9 <\/span><span class=\"NormalTextRun SCXW181076172 BCX4\">contre h<\/span><\/span><span class=\"TextRun SCXW181076172 BCX4\" lang=\"NL-BE\" xml:lang=\"NL-BE\" data-contrast=\"auto\"><span class=\"NormalTextRun SCXW181076172 BCX4\">et  <\/span><\/span><span class=\"TextRun SCXW181076172 BCX4\" lang=\"NL-BE\" xml:lang=\"NL-BE\" data-contrast=\"auto\"><span class=\"NormalTextRun SCXW181076172 BCX4\">l&rsquo;interdiction de l&rsquo;E<\/span><span class=\"NormalTextRun SCXW181076172 BCX4\">U-<\/span><span class=\"NormalTextRun SpellingErrorV2Themed SCXW181076172 BCX4\">H<\/span><span class=\"NormalTextRun SpellingErrorV2Themed SCXW181076172 BCX4\">v<\/span><span class=\"NormalTextRun SpellingErrorV2Themed SCXW181076172 BCX4\">J<\/span> <span class=\"NormalTextRun SCXW181076172 BCX4\">ou h<\/span><\/span><span class=\"TextRun SCXW181076172 BCX4\" lang=\"NL-BE\" data-contrast=\"auto\"><br \/>\n  <span class=\"NormalTextRun SCXW181076172 BCX4\">et aux autorit\u00e9s nationales de <\/span><br \/>\n<\/span><span class=\"TextRun SCXW181076172 BCX4\" lang=\"NL-BE\" data-contrast=\"auto\"><br \/>\n  <span class=\"NormalTextRun SCXW181076172 BCX4\">autorit\u00e9s nationales de la concurrence <\/span><br \/>\n<\/span><span class=\"TextRun SCXW181076172 BCX4\" lang=\"NL-BE\" data-contrast=\"auto\"><br \/>\n  <span class=\"NormalTextRun SCXW181076172 BCX4\">s&rsquo;applique \u00e0 <\/span><br \/>\n<\/span><span class=\"TextRun SCXW181076172 BCX4\" lang=\"NL-BE\" data-contrast=\"auto\"><br \/>\n  <span class=\"NormalTextRun SCXW181076172 BCX4\">t<\/span><br \/>\n<\/span><span class=\"TextRun SCXW181076172 BCX4\" lang=\"NL-BE\" data-contrast=\"auto\"><br \/>\n  <span class=\"NormalTextRun SCXW181076172 BCX4\">e <\/span><br \/>\n<\/span> <span class=\"TextRun SCXW181076172 BCX4\" lang=\"NL-BE\" xml:lang=\"NL-BE\" data-contrast=\"auto\"><span class=\"NormalTextRun SCXW181076172 BCX4\">ou e<\/span><span class=\"NormalTextRun SCXW181076172 BCX4\">et certains g<\/span><span class=\"NormalTextRun SCXW181076172 BCX4\">Le traitement des donn\u00e9es est conforme aux exigences de la directive G<\/span><span class=\"NormalTextRun SCXW181076172 BCX4\">RPD.<\/span><span class=\"NormalTextRun SCXW181076172 BCX4\">  En outre, les s<\/span><span class=\"NormalTextRun SCXW181076172 BCX4\">le compte  <\/span><span class=\"NormalTextRun SpellingErrorV2Themed SCXW181076172 BCX4\">O<\/span><span class=\"NormalTextRun SpellingErrorV2Themed SCXW181076172 BCX4\">berlandesgericht<\/span> <span class=\"NormalTextRun SCXW181076172 BCX4\">\u00e0  <\/span><span class=\"NormalTextRun SCXW181076172 BCX4\">la cour o<\/span><span class=\"NormalTextRun SCXW181076172 BCX4\">ok d<\/span><span class=\"NormalTextRun SCXW181076172 BCX4\">a question de savoir comment certaines dispositions de la directive G<\/span><span class=\"NormalTextRun SCXW181076172 BCX4\">RPD  <\/span><span class=\"NormalTextRun SCXW181076172 BCX4\">devrait \u00eatre expliqu\u00e9e et h<\/span><span class=\"NormalTextRun SCXW181076172 BCX4\">ou ceux-ci devraient \u00eatre appliqu\u00e9s \u00e0 d<\/span><span class=\"NormalTextRun SCXW181076172 BCX4\">e traitement de donn\u00e9es par un op\u00e9rateur de r\u00e9seau social en ligne.<\/span><\/span><span class=\"EOP SCXW181076172 BCX4\" data-ccp-props=\"{\"335551550\":6,\"335551620\":6}\"> <\/span><\/p>\n<\/div>\n<\/div>\n<\/div>\n<\/div>\n\t\t\t\t\t\t\t\t<\/div>\n\t\t\t\t<\/div>\n\t\t\t\t\t<\/div>\n\t\t<\/div>\n\t\t\t\t\t<\/div>\n\t\t<\/section>\n\t\t\t\t<section class=\"elementor-section elementor-top-section elementor-element elementor-element-59418c0 elementor-section-boxed elementor-section-height-default elementor-section-height-default\" data-id=\"59418c0\" data-element_type=\"section\" data-e-type=\"section\">\n\t\t\t\t\t\t<div class=\"elementor-container elementor-column-gap-default\">\n\t\t\t\t\t<div class=\"elementor-column elementor-col-100 elementor-top-column elementor-element elementor-element-a214d4b\" data-id=\"a214d4b\" data-element_type=\"column\" data-e-type=\"column\">\n\t\t\t<div class=\"elementor-widget-wrap elementor-element-populated\">\n\t\t\t\t\t\t<div class=\"elementor-element elementor-element-74bc5fb elementor-widget elementor-widget-image\" data-id=\"74bc5fb\" data-element_type=\"widget\" data-e-type=\"widget\" data-widget_type=\"image.default\">\n\t\t\t\t<div class=\"elementor-widget-container\">\n\t\t\t\t\t\t\t\t\t\t\t\t\t\t\t<img decoding=\"async\" width=\"300\" height=\"300\" src=\"https:\/\/dpoassociates.eu\/wp-content\/uploads\/2023\/07\/Ontwerp-zonder-titel-174-300x300.png\" class=\"attachment-medium size-medium wp-image-9625\" alt=\"\" srcset=\"https:\/\/dpoassociates.eu\/wp-content\/uploads\/2023\/07\/Ontwerp-zonder-titel-174-300x300.png 300w, https:\/\/dpoassociates.eu\/wp-content\/uploads\/2023\/07\/Ontwerp-zonder-titel-174-100x100.png 100w, https:\/\/dpoassociates.eu\/wp-content\/uploads\/2023\/07\/Ontwerp-zonder-titel-174-600x600.png 600w, https:\/\/dpoassociates.eu\/wp-content\/uploads\/2023\/07\/Ontwerp-zonder-titel-174-1024x1024.png 1024w, https:\/\/dpoassociates.eu\/wp-content\/uploads\/2023\/07\/Ontwerp-zonder-titel-174-150x150.png 150w, https:\/\/dpoassociates.eu\/wp-content\/uploads\/2023\/07\/Ontwerp-zonder-titel-174-768x768.png 768w, https:\/\/dpoassociates.eu\/wp-content\/uploads\/2023\/07\/Ontwerp-zonder-titel-174-650x650.png 650w, https:\/\/dpoassociates.eu\/wp-content\/uploads\/2023\/07\/Ontwerp-zonder-titel-174.png 1080w\" sizes=\"(max-width: 300px) 100vw, 300px\" \/>\t\t\t\t\t\t\t\t\t\t\t\t\t\t\t<\/div>\n\t\t\t\t<\/div>\n\t\t\t\t\t<\/div>\n\t\t<\/div>\n\t\t\t\t\t<\/div>\n\t\t<\/section>\n\t\t\t\t<section class=\"elementor-section elementor-top-section elementor-element elementor-element-8110a10 elementor-section-boxed elementor-section-height-default elementor-section-height-default\" data-id=\"8110a10\" data-element_type=\"section\" data-e-type=\"section\">\n\t\t\t\t\t\t<div class=\"elementor-container elementor-column-gap-default\">\n\t\t\t\t\t<div class=\"elementor-column elementor-col-100 elementor-top-column elementor-element elementor-element-a46db30\" data-id=\"a46db30\" data-element_type=\"column\" data-e-type=\"column\">\n\t\t\t<div class=\"elementor-widget-wrap elementor-element-populated\">\n\t\t\t\t\t\t<div class=\"elementor-element elementor-element-570d823 elementor-widget elementor-widget-text-editor\" data-id=\"570d823\" data-element_type=\"widget\" data-e-type=\"widget\" data-widget_type=\"text-editor.default\">\n\t\t\t\t<div class=\"elementor-widget-container\">\n\t\t\t\t\t\t\t\t\t<h4><span class=\"TextRun SCXW125506853 BCX4\" lang=\"NL-BE\" xml:lang=\"NL-BE\" data-contrast=\"none\"><span class=\"NormalTextRun SCXW125506853 BCX4\">D\u00e9cision de l&rsquo;UE<\/span><span class=\"NormalTextRun SpellingErrorV2Themed SCXW125506853 BCX4\">H<\/span><span class=\"NormalTextRun SpellingErrorV2Themed SCXW125506853 BCX4\">v<\/span><span class=\"NormalTextRun SpellingErrorV2Themed SCXW125506853 BCX4\">J<\/span><\/span><\/h4>\n<p><span class=\"TextRun SCXW238300756 BCX4\" lang=\"NL-BE\" xml:lang=\"NL-BE\" data-contrast=\"auto\"><span class=\"NormalTextRun SCXW238300756 BCX4\">L&rsquo;UE<\/span><span class=\"NormalTextRun SpellingErrorV2Themed SCXW238300756 BCX4\">CJCE<\/span><span class=\"NormalTextRun SCXW238300756 BCX4\"> est d&rsquo;avis que l&rsquo;autorit\u00e9 allemande de la <\/span><span class=\"NormalTextRun SCXW238300756 BCX4\">autorit\u00e9 allemande de la concurrence<\/span><span class=\"NormalTextRun SCXW238300756 BCX4\">La Cour de justice de l&rsquo;UE estime que l&rsquo;autorit\u00e9 allemande de la concurrence a le droit de prendre des mesures en vertu du GDPR, <\/span><span class=\"NormalTextRun SCXW238300756 BCX4\">les mesures<\/span><span class=\"NormalTextRun SCXW238300756 BCX4\"> peut <\/span><span class=\"NormalTextRun SCXW238300756 BCX4\">prendre des mesures \u00e0 l&rsquo;encontre de Meta en ce qui concerne la collecte de donn\u00e9es<\/span><span class=\"NormalTextRun SCXW238300756 BCX4\">. Les autorit\u00e9s nationales peuvent  <\/span><span class=\"NormalTextRun SCXW238300756 BCX4\">imposer officiellement des exigences qui pourraient \u00e9ventuellement affecter le mod\u00e8le de revenus de Meta  <\/span><span class=\"NormalTextRun SCXW238300756 BCX4\">et ses filiales peuvent<\/span><span class=\"NormalTextRun SCXW238300756 BCX4\">  miner.  <\/span> <span class=\"NormalTextRun SCXW238300756 BCX4\">La Cour  <\/span><span class=\"NormalTextRun SCXW238300756 BCX4\">\u00c9tats<\/span><span class=\"NormalTextRun SCXW238300756 BCX4\">  que les autorit\u00e9s de la concurrence  <\/span><span class=\"NormalTextRun SCXW238300756 BCX4\">Pour d\u00e9terminer si une entreprise abuse de sa position dominante, il faut  <\/span><span class=\"NormalTextRun SCXW238300756 BCX4\">peut<\/span><span class=\"NormalTextRun SCXW238300756 BCX4\">  Il convient \u00e9galement d&rsquo;examiner si le comportement de l&rsquo;entreprise est conforme \u00e0 des normes autres que celles du droit de la concurrence, telles que les r\u00e8gles de l&rsquo;Union europ\u00e9enne et de l&rsquo;Union europ\u00e9enne.  <\/span><span class=\"NormalTextRun SCXW238300756 BCX4\">GDPR.<\/span><\/span><span class=\"EOP SCXW238300756 BCX4\" data-ccp-props=\"{\"335551550\":6,\"335551620\":6}\"> <\/span><\/p>\n<h4>R\u00f4le de l&rsquo;autorit\u00e9 nationale de la concurrence dans l&rsquo;application du GDPR dans le contexte de l&rsquo;abus de pouvoir<\/h4>\n<p><span data-contrast=\"auto\">Une autorit\u00e9 nationale de la concurrence concluant \u00e0 une violation du GDPR,  <\/span><span data-contrast=\"auto\">ne devraient toutefois jamais remplacer les autorit\u00e9s de contr\u00f4le \u00e9tablies par le pr\u00e9sent r\u00e8glement. Toutefois, lorsque l&rsquo;autorit\u00e9 de concurrence \u00e9value la conformit\u00e9 au GDPR, elle le fait uniquement pour d\u00e9terminer s&rsquo;il y a eu abus de position dominante et pour imposer des mesures visant \u00e0 mettre fin \u00e0 cet abus conform\u00e9ment aux r\u00e8gles du droit de la concurrence.  <\/span><span data-ccp-props=\"{\"335551550\":6,\"335551620\":6}\"> <\/span><\/p>\n<p><span data-contrast=\"auto\">En particulier, lorsque, selon l&rsquo;ANC, il est n\u00e9cessaire d&rsquo;examiner si le comportement d&rsquo;une entreprise est conforme au GDPR, elle doit v\u00e9rifier si l&rsquo;autorit\u00e9 de contr\u00f4le comp\u00e9tente en mati\u00e8re de protection des donn\u00e9es a d\u00e9j\u00e0 pris une d\u00e9cision sur le comportement en question ou un comportement similaire. Dans l&rsquo;affirmative, cette autorit\u00e9 nationale de concurrence ne peut s&rsquo;en \u00e9carter, mais peut en tirer ses propres conclusions pour l&rsquo;application du droit de la concurrence.  <\/span><span data-ccp-props=\"{\"335551550\":6,\"335551620\":6}\"> <\/span><\/p>\n<h4>La Cour pr\u00e9cise que la visite de sites web ne signifie pas la divulgation implicite de donn\u00e9es en vertu du GDPR<\/h4>\n<p><span class=\"TextRun SCXW242758246 BCX4\" lang=\"NL-BE\" xml:lang=\"NL-BE\" data-contrast=\"auto\"><span class=\"NormalTextRun SCXW242758246 BCX4\">La question de savoir si le traitement de donn\u00e9es sensibles est exceptionnellement autoris\u00e9 parce que  <\/span><span class=\"NormalTextRun SCXW242758246 BCX4\">les donn\u00e9es sur facebook<\/span><span class=\"NormalTextRun SCXW242758246 BCX4\">  manifestement divulgu\u00e9es par la personne concern\u00e9e, la Cour pr\u00e9cise que le simple fait qu&rsquo;un utilisateur visite des sites web ou des applications susceptibles de r\u00e9v\u00e9ler de telles informations ne signifie nullement qu&rsquo;il divulgue manifestement ses donn\u00e9es au sens de la directive.  <\/span><span class=\"NormalTextRun SCXW242758246 BCX4\">GDPR<\/span><span class=\"NormalTextRun SCXW242758246 BCX4\">. Ce n&rsquo;est pas non plus le cas lorsqu&rsquo;un utilisateur saisit des donn\u00e9es sur ces sites ou applications ou dans ces derniers  <\/span><span class=\"NormalTextRun SCXW242758246 BCX4\">int\u00e9gr\u00e9s<\/span><span class=\"NormalTextRun SCXW242758246 BCX4\"> \u00e0 moins qu&rsquo;il n&rsquo;ait express\u00e9ment d\u00e9clar\u00e9 au pr\u00e9alable son choix de divulguer les donn\u00e9es le concernant \u00e0 un nombre illimit\u00e9 de personnes. <\/span> <\/span><span class=\"EOP SCXW242758246 BCX4\" data-ccp-props=\"{\"335551550\":6,\"335551620\":6}\"> <\/span><\/p>\n<h4>La Cour juge que la personnalisation et le financement des publicit\u00e9s par Meta Platforms Ireland peuvent violer le GDPR<\/h4>\n<p><span class=\"TextRun SCXW214942399 BCX4\" lang=\"NL-BE\" xml:lang=\"NL-BE\" data-contrast=\"auto\"><span class=\"NormalTextRun SCXW214942399 BCX4\">La question de savoir si la personnalisation du contenu ou l&rsquo;utilisation coh\u00e9rente et sans probl\u00e8me des services du Meta Group remplit ces conditions doit encore \u00eatre examin\u00e9e par les juridictions nationales, a d\u00e9clar\u00e9 la Cour. <\/span><span class=\"NormalTextRun SCXW214942399 BCX4\">La Cour<\/span><span class=\"NormalTextRun SCXW214942399 BCX4\">. En outre, selon le  <\/span><span class=\"NormalTextRun SCXW214942399 BCX4\">le tribunal<\/span><span class=\"NormalTextRun SCXW214942399 BCX4\"> n&rsquo;a pas poursuivi un int\u00e9r\u00eat l\u00e9gitime dans le financement de la publicit\u00e9 personnalis\u00e9e pour le r\u00e9seau social en ligne Facebook, ce qui permettrait le traitement des donn\u00e9es pertinentes sans le consentement de la personne concern\u00e9e. <\/span> <\/span><\/p>\n<p><span class=\"TextRun SCXW214942399 BCX4\" lang=\"NL-BE\" xml:lang=\"NL-BE\" data-contrast=\"auto\"><span class=\"NormalTextRun SCXW214942399 BCX4\">Enfin, la <\/span><span class=\"NormalTextRun SCXW214942399 BCX4\">la Cour<\/span><span class=\"NormalTextRun SCXW214942399 BCX4\"> note que le fait que les op\u00e9rateurs de r\u00e9seaux sociaux en ligne, en tant que responsables du traitement, occupent une position manifestement dominante sur le march\u00e9 des r\u00e9seaux sociaux en ligne n&#8217;emp\u00eache pas leurs utilisateurs de les utiliser l\u00e9galement <\/span><span class=\"NormalTextRun SCXW214942399 BCX4\">en vertu de<\/span><span class=\"NormalTextRun SCXW214942399 BCX4\"> du <\/span><span class=\"NormalTextRun SCXW214942399 BCX4\">GDPR<\/span><span class=\"NormalTextRun SCXW214942399 BCX4\">. <\/span> <\/span><span class=\"EOP SCXW214942399 BCX4\" data-ccp-props=\"{\"335551550\":6,\"335551620\":6}\"> <\/span><\/p>\n<h5><em> <span class=\"TextRun SCXW81530224 BCX4\" lang=\"NL-BE\" xml:lang=\"NL-BE\" data-contrast=\"auto\"><span class=\"NormalTextRun SCXW81530224 BCX4\">Toutefois, \u00e9tant donn\u00e9 qu&rsquo;une telle domination peut affecter la libert\u00e9 de choix de ces utilisateurs et conduire \u00e0 un d\u00e9s\u00e9quilibre manifeste entre eux et le responsable du traitement des donn\u00e9es, il s&rsquo;agit d&rsquo;un facteur important pour d\u00e9terminer si le consentement est r\u00e9ellement complet<\/span> <span class=\"NormalTextRun SCXW81530224 BCX4\">complet <\/span><span class=\"NormalTextRun SCXW81530224 BCX4\">juridiquement valable<\/span><span class=\"NormalTextRun SCXW81530224 BCX4\"> et volontairement donn\u00e9. <\/span> <\/span><span class=\"EOP SCXW81530224 BCX4\" data-ccp-props=\"{\"335551550\":6,\"335551620\":6}\"> <\/span><\/em><\/h5>\n\t\t\t\t\t\t\t\t<\/div>\n\t\t\t\t<\/div>\n\t\t\t\t\t<\/div>\n\t\t<\/div>\n\t\t\t\t\t<\/div>\n\t\t<\/section>\n\t\t\t\t<section class=\"elementor-section elementor-top-section elementor-element elementor-element-368566a elementor-section-boxed elementor-section-height-default elementor-section-height-default\" data-id=\"368566a\" data-element_type=\"section\" data-e-type=\"section\">\n\t\t\t\t\t\t<div class=\"elementor-container elementor-column-gap-default\">\n\t\t\t\t\t<div class=\"elementor-column elementor-col-100 elementor-top-column elementor-element elementor-element-cf142c2\" data-id=\"cf142c2\" data-element_type=\"column\" data-e-type=\"column\">\n\t\t\t<div class=\"elementor-widget-wrap elementor-element-populated\">\n\t\t\t\t\t\t<div class=\"elementor-element elementor-element-c51b823 elementor-headline--style-highlight elementor-widget elementor-widget-global elementor-global-19689 elementor-global-9076 elementor-widget-animated-headline\" data-id=\"c51b823\" data-element_type=\"widget\" data-e-type=\"widget\" data-settings=\"{&quot;marker&quot;:&quot;underline&quot;,&quot;highlighted_text&quot;:&quot;Conclusion&quot;,&quot;headline_style&quot;:&quot;highlight&quot;,&quot;loop&quot;:&quot;yes&quot;,&quot;highlight_animation_duration&quot;:1200,&quot;highlight_iteration_delay&quot;:8000}\" data-widget_type=\"animated-headline.default\">\n\t\t\t\t<div class=\"elementor-widget-container\">\n\t\t\t\t\t\t\t<h3 class=\"elementor-headline\">\n\t\t\t\t<span class=\"elementor-headline-dynamic-wrapper elementor-headline-text-wrapper\">\n\t\t\t\t\t<span class=\"elementor-headline-dynamic-text elementor-headline-text-active\">Conclusion<\/span>\n\t\t\t\t<\/span>\n\t\t\t\t<\/h3>\n\t\t\t\t\t\t<\/div>\n\t\t\t\t<\/div>\n\t\t\t\t\t<\/div>\n\t\t<\/div>\n\t\t\t\t\t<\/div>\n\t\t<\/section>\n\t\t\t\t<section class=\"elementor-section elementor-top-section elementor-element elementor-element-43fa9d5 elementor-section-boxed elementor-section-height-default elementor-section-height-default\" data-id=\"43fa9d5\" data-element_type=\"section\" data-e-type=\"section\">\n\t\t\t\t\t\t<div class=\"elementor-container elementor-column-gap-default\">\n\t\t\t\t\t<div class=\"elementor-column elementor-col-100 elementor-top-column elementor-element elementor-element-d747359\" data-id=\"d747359\" data-element_type=\"column\" data-e-type=\"column\">\n\t\t\t<div class=\"elementor-widget-wrap elementor-element-populated\">\n\t\t\t\t\t\t<div class=\"elementor-element elementor-element-f08bb23 elementor-widget elementor-widget-text-editor\" data-id=\"f08bb23\" data-element_type=\"widget\" data-e-type=\"widget\" data-widget_type=\"text-editor.default\">\n\t\t\t\t<div class=\"elementor-widget-container\">\n\t\t\t\t\t\t\t\t\t<p><em>Avec cet arr\u00eat, la Cour souhaite clairement emp\u00eacher des entreprises comme Meta d&rsquo;\u00e9changer des donn\u00e9es d&rsquo;utilisateurs entre des plateformes individuelles comme Facebook, Instagram et WhatsApp.  <\/em><em>Pour plus d&rsquo;informations sur les plateformes de m\u00e9dias sociaux et le GDPR, vous pouvez contacter un DPO accr\u00e9dit\u00e9.  <\/em><\/p>\n\t\t\t\t\t\t\t\t<\/div>\n\t\t\t\t<\/div>\n\t\t\t\t\t<\/div>\n\t\t<\/div>\n\t\t\t\t\t<\/div>\n\t\t<\/section>\n\t\t\t\t<section class=\"elementor-section elementor-top-section elementor-element elementor-element-b764de4 elementor-section-boxed elementor-section-height-default elementor-section-height-default\" data-id=\"b764de4\" data-element_type=\"section\" data-e-type=\"section\">\n\t\t\t\t\t\t<div class=\"elementor-container elementor-column-gap-default\">\n\t\t\t\t\t<div class=\"elementor-column elementor-col-100 elementor-top-column elementor-element elementor-element-42c845e\" data-id=\"42c845e\" data-element_type=\"column\" data-e-type=\"column\">\n\t\t\t<div class=\"elementor-widget-wrap elementor-element-populated\">\n\t\t\t\t\t\t<div class=\"elementor-element elementor-element-d4c5d7a elementor-align-center elementor-widget elementor-widget-global elementor-global-19699 elementor-global-8660 elementor-widget-button\" data-id=\"d4c5d7a\" data-element_type=\"widget\" data-e-type=\"widget\" data-widget_type=\"button.default\">\n\t\t\t\t<div class=\"elementor-widget-container\">\n\t\t\t\t\t\t\t\t\t<div class=\"elementor-button-wrapper\">\n\t\t\t\t\t<a class=\"elementor-button elementor-button-link elementor-size-md\" href=\"https:\/\/dpoassociates.eu\/fr\/dpo-comme-personne-de-contact\/\">\n\t\t\t\t\t\t<span class=\"elementor-button-content-wrapper\">\n\t\t\t\t\t\t\t\t\t<span class=\"elementor-button-text\">DPD<\/span>\n\t\t\t\t\t<\/span>\n\t\t\t\t\t<\/a>\n\t\t\t\t<\/div>\n\t\t\t\t\t\t\t\t<\/div>\n\t\t\t\t<\/div>\n\t\t\t\t\t<\/div>\n\t\t<\/div>\n\t\t\t\t\t<\/div>\n\t\t<\/section>\n\t\t\t\t<section class=\"elementor-section elementor-top-section elementor-element elementor-element-3ffc024 elementor-section-boxed elementor-section-height-default elementor-section-height-default\" data-id=\"3ffc024\" data-element_type=\"section\" data-e-type=\"section\">\n\t\t\t\t\t\t<div class=\"elementor-container elementor-column-gap-default\">\n\t\t\t\t\t<div class=\"elementor-column elementor-col-100 elementor-top-column elementor-element elementor-element-e03f7f2\" data-id=\"e03f7f2\" data-element_type=\"column\" data-e-type=\"column\">\n\t\t\t<div class=\"elementor-widget-wrap elementor-element-populated\">\n\t\t\t\t\t\t<div class=\"elementor-element elementor-element-3209f5d elementor-grid-3 elementor-grid-tablet-2 elementor-grid-mobile-1 elementor-posts--thumbnail-top elementor-card-shadow-yes elementor-posts__hover-gradient elementor-widget elementor-widget-global elementor-global-19691 elementor-global-8663 elementor-widget-posts\" data-id=\"3209f5d\" data-element_type=\"widget\" data-e-type=\"widget\" data-settings=\"{&quot;cards_columns&quot;:&quot;3&quot;,&quot;cards_columns_tablet&quot;:&quot;2&quot;,&quot;cards_columns_mobile&quot;:&quot;1&quot;,&quot;cards_row_gap&quot;:{&quot;unit&quot;:&quot;px&quot;,&quot;size&quot;:35,&quot;sizes&quot;:[]},&quot;cards_row_gap_tablet&quot;:{&quot;unit&quot;:&quot;px&quot;,&quot;size&quot;:&quot;&quot;,&quot;sizes&quot;:[]},&quot;cards_row_gap_mobile&quot;:{&quot;unit&quot;:&quot;px&quot;,&quot;size&quot;:&quot;&quot;,&quot;sizes&quot;:[]}}\" data-widget_type=\"posts.cards\">\n\t\t\t\t<div class=\"elementor-widget-container\">\n\t\t\t\t\t\t\t<div class=\"elementor-posts-container elementor-posts elementor-posts--skin-cards elementor-grid\" role=\"list\">\n\t\t\t\t<article class=\"elementor-post elementor-grid-item post-21898 post type-post status-publish format-standard has-post-thumbnail hentry category-non-classifiee\" role=\"listitem\">\n\t\t\t<div class=\"elementor-post__card\">\n\t\t\t\t<a class=\"elementor-post__thumbnail__link\" href=\"https:\/\/dpoassociates.eu\/fr\/gdpr-international-data-transfers-sccs-data-processing-agreements-en-anglais\/\" tabindex=\"-1\" target=\"_blank\"><div class=\"elementor-post__thumbnail\"><img decoding=\"async\" width=\"240\" height=\"300\" src=\"https:\/\/dpoassociates.eu\/wp-content\/uploads\/2026\/01\/Ontwerp-zonder-titel-51-240x300.png\" class=\"attachment-medium size-medium wp-image-21896\" alt=\"contractual clauses\" srcset=\"https:\/\/dpoassociates.eu\/wp-content\/uploads\/2026\/01\/Ontwerp-zonder-titel-51-240x300.png 240w, https:\/\/dpoassociates.eu\/wp-content\/uploads\/2026\/01\/Ontwerp-zonder-titel-51-819x1024.png 819w, https:\/\/dpoassociates.eu\/wp-content\/uploads\/2026\/01\/Ontwerp-zonder-titel-51-768x960.png 768w, https:\/\/dpoassociates.eu\/wp-content\/uploads\/2026\/01\/Ontwerp-zonder-titel-51-520x650.png 520w, https:\/\/dpoassociates.eu\/wp-content\/uploads\/2026\/01\/Ontwerp-zonder-titel-51.png 1080w\" sizes=\"(max-width: 240px) 100vw, 240px\" \/><\/div><\/a>\n\t\t\t\t<div class=\"elementor-post__badge\">Non classifi\u00e9(e)<\/div>\n\t\t\t\t<div class=\"elementor-post__text\">\n\t\t\t\t<h3 class=\"elementor-post__title\">\n\t\t\t<a href=\"https:\/\/dpoassociates.eu\/fr\/gdpr-international-data-transfers-sccs-data-processing-agreements-en-anglais\/\" target=&quot;_blank&quot;>\n\t\t\t\tGDPR International Data Transfers &#8211; SCCs &amp; Data Processing Agreements (en anglais)\t\t\t<\/a>\n\t\t<\/h3>\n\t\t\n\t\t<a class=\"elementor-post__read-more\" href=\"https:\/\/dpoassociates.eu\/fr\/gdpr-international-data-transfers-sccs-data-processing-agreements-en-anglais\/\" aria-label=\"En savoir plus sur GDPR International Data Transfers &#8211; SCCs &amp; Data Processing Agreements (en anglais)\" tabindex=\"-1\" target=\"_blank\">\n\t\t\tLire la suite \"\t\t<\/a>\n\n\t\t\t\t<\/div>\n\t\t\t\t\t<\/div>\n\t\t<\/article>\n\t\t\t\t<article class=\"elementor-post elementor-grid-item post-21812 post type-post status-publish format-standard has-post-thumbnail hentry category-non-classifiee\" role=\"listitem\">\n\t\t\t<div class=\"elementor-post__card\">\n\t\t\t\t<a class=\"elementor-post__thumbnail__link\" href=\"https:\/\/dpoassociates.eu\/fr\/pourquoi-il-est-preferable-que-chaque-entreprise-designe-un-dpd\/\" tabindex=\"-1\" target=\"_blank\"><div class=\"elementor-post__thumbnail\"><img loading=\"lazy\" decoding=\"async\" width=\"300\" height=\"169\" src=\"https:\/\/dpoassociates.eu\/wp-content\/uploads\/2025\/07\/Cream-and-Brown-Photographic-Beauty-Site-Launch-Website-300x169.png\" class=\"attachment-medium size-medium wp-image-21757\" alt=\"dpo belgie , dpo danny baerts\" srcset=\"https:\/\/dpoassociates.eu\/wp-content\/uploads\/2025\/07\/Cream-and-Brown-Photographic-Beauty-Site-Launch-Website-300x169.png 300w, https:\/\/dpoassociates.eu\/wp-content\/uploads\/2025\/07\/Cream-and-Brown-Photographic-Beauty-Site-Launch-Website-1024x576.png 1024w, https:\/\/dpoassociates.eu\/wp-content\/uploads\/2025\/07\/Cream-and-Brown-Photographic-Beauty-Site-Launch-Website-768x432.png 768w, https:\/\/dpoassociates.eu\/wp-content\/uploads\/2025\/07\/Cream-and-Brown-Photographic-Beauty-Site-Launch-Website-650x365.png 650w, https:\/\/dpoassociates.eu\/wp-content\/uploads\/2025\/07\/Cream-and-Brown-Photographic-Beauty-Site-Launch-Website.png 1366w\" sizes=\"(max-width: 300px) 100vw, 300px\" \/><\/div><\/a>\n\t\t\t\t<div class=\"elementor-post__badge\">Non classifi\u00e9(e)<\/div>\n\t\t\t\t<div class=\"elementor-post__text\">\n\t\t\t\t<h3 class=\"elementor-post__title\">\n\t\t\t<a href=\"https:\/\/dpoassociates.eu\/fr\/pourquoi-il-est-preferable-que-chaque-entreprise-designe-un-dpd\/\" target=&quot;_blank&quot;>\n\t\t\t\tPourquoi il est pr\u00e9f\u00e9rable que chaque entreprise d\u00e9signe un DPD\t\t\t<\/a>\n\t\t<\/h3>\n\t\t\n\t\t<a class=\"elementor-post__read-more\" href=\"https:\/\/dpoassociates.eu\/fr\/pourquoi-il-est-preferable-que-chaque-entreprise-designe-un-dpd\/\" aria-label=\"En savoir plus sur Pourquoi il est pr\u00e9f\u00e9rable que chaque entreprise d\u00e9signe un DPD\" tabindex=\"-1\" target=\"_blank\">\n\t\t\tLire la suite \"\t\t<\/a>\n\n\t\t\t\t<\/div>\n\t\t\t\t\t<\/div>\n\t\t<\/article>\n\t\t\t\t<article class=\"elementor-post elementor-grid-item post-21671 post type-post status-publish format-standard has-post-thumbnail hentry category-general-fr category-non-classifiee\" role=\"listitem\">\n\t\t\t<div class=\"elementor-post__card\">\n\t\t\t\t<a class=\"elementor-post__thumbnail__link\" href=\"https:\/\/dpoassociates.eu\/fr\/dpd-externe-pour-les-enqueteurs-prives-et-les-enqueteurs-dassurance\/\" tabindex=\"-1\" target=\"_blank\"><div class=\"elementor-post__thumbnail\"><img loading=\"lazy\" decoding=\"async\" width=\"300\" height=\"300\" src=\"https:\/\/dpoassociates.eu\/wp-content\/uploads\/2025\/05\/Ontwerp-zonder-titel-47-300x300.png\" class=\"attachment-medium size-medium wp-image-21666\" alt=\"gdpr privedetective\" srcset=\"https:\/\/dpoassociates.eu\/wp-content\/uploads\/2025\/05\/Ontwerp-zonder-titel-47-300x300.png 300w, https:\/\/dpoassociates.eu\/wp-content\/uploads\/2025\/05\/Ontwerp-zonder-titel-47-1024x1024.png 1024w, https:\/\/dpoassociates.eu\/wp-content\/uploads\/2025\/05\/Ontwerp-zonder-titel-47-150x150.png 150w, https:\/\/dpoassociates.eu\/wp-content\/uploads\/2025\/05\/Ontwerp-zonder-titel-47-768x768.png 768w, https:\/\/dpoassociates.eu\/wp-content\/uploads\/2025\/05\/Ontwerp-zonder-titel-47-650x650.png 650w, https:\/\/dpoassociates.eu\/wp-content\/uploads\/2025\/05\/Ontwerp-zonder-titel-47.png 1080w\" sizes=\"(max-width: 300px) 100vw, 300px\" \/><\/div><\/a>\n\t\t\t\t<div class=\"elementor-post__badge\">G\u00e9n\u00e9ral<\/div>\n\t\t\t\t<div class=\"elementor-post__text\">\n\t\t\t\t<h3 class=\"elementor-post__title\">\n\t\t\t<a href=\"https:\/\/dpoassociates.eu\/fr\/dpd-externe-pour-les-enqueteurs-prives-et-les-enqueteurs-dassurance\/\" target=&quot;_blank&quot;>\n\t\t\t\tDPD pour les enqu\u00eateurs priv\u00e9s et les enqu\u00eateurs d&rsquo;assurance\t\t\t<\/a>\n\t\t<\/h3>\n\t\t\n\t\t<a class=\"elementor-post__read-more\" href=\"https:\/\/dpoassociates.eu\/fr\/dpd-externe-pour-les-enqueteurs-prives-et-les-enqueteurs-dassurance\/\" aria-label=\"En savoir plus sur DPD pour les enqu\u00eateurs priv\u00e9s et les enqu\u00eateurs d&rsquo;assurance\" tabindex=\"-1\" target=\"_blank\">\n\t\t\tLire la suite \"\t\t<\/a>\n\n\t\t\t\t<\/div>\n\t\t\t\t\t<\/div>\n\t\t<\/article>\n\t\t\t\t<\/div>\n\t\t\n\t\t\t\t\t\t<\/div>\n\t\t\t\t<\/div>\n\t\t\t\t\t<\/div>\n\t\t<\/div>\n\t\t\t\t\t<\/div>\n\t\t<\/section>\n\t\t\t\t<\/div>\n\t\t","protected":false},"excerpt":{"rendered":"<p>L&rsquo;autorit\u00e9 allemande de la concurrence obtient gain de cause aupr\u00e8s de la CJCE : Les m\u00e9ta peuvent \u00eatre restreints en fonction des<\/p>\n","protected":false},"author":1,"featured_media":9625,"comment_status":"closed","ping_status":"closed","sticky":false,"template":"","format":"standard","meta":{"_eb_attr":"","footnotes":""},"categories":[139,60],"tags":[],"class_list":["post-9665","post","type-post","status-publish","format-standard","has-post-thumbnail","hentry","category-general-fr","category-non-classifiee"],"yoast_head":"<!-- This site is optimized with the Yoast SEO Premium plugin v25.8 (Yoast SEO v27.2) - https:\/\/yoast.com\/product\/yoast-seo-premium-wordpress\/ -->\n<title>Restrictions des m\u00e9tas selon les mises \u00e0 jour du RGPD<\/title>\n<meta name=\"description\" content=\"Le tribunal a confirm\u00e9 que l&#039;autorit\u00e9 allemande de la concurrence est habilit\u00e9e \u00e0 faire appliquer les lois sur la protection de la vie priv\u00e9e et \u00e0 emp\u00eacher Meta de collecter des donn\u00e9es par l&#039;interm\u00e9diaire de Facebook et d&#039;autres plateformes.\" \/>\n<meta name=\"robots\" content=\"index, follow, max-snippet:-1, max-image-preview:large, max-video-preview:-1\" \/>\n<link rel=\"canonical\" href=\"https:\/\/dpoassociates.eu\/fr\/les-meta-peuvent-etre-restreints-en-fonction-des-mises-a-jour-du-gdpr\/\" \/>\n<meta property=\"og:locale\" content=\"fr_FR\" \/>\n<meta property=\"og:type\" content=\"article\" \/>\n<meta property=\"og:title\" content=\"Les m\u00e9ta peuvent \u00eatre restreints en fonction des mises \u00e0 jour du RGPD\" \/>\n<meta property=\"og:description\" content=\"Le tribunal a confirm\u00e9 que l&#039;autorit\u00e9 allemande de la concurrence est habilit\u00e9e \u00e0 faire appliquer les lois sur la protection de la vie priv\u00e9e et \u00e0 emp\u00eacher Meta de collecter des donn\u00e9es par l&#039;interm\u00e9diaire de Facebook et d&#039;autres plateformes.\" \/>\n<meta property=\"og:url\" content=\"https:\/\/dpoassociates.eu\/fr\/les-meta-peuvent-etre-restreints-en-fonction-des-mises-a-jour-du-gdpr\/\" \/>\n<meta property=\"og:site_name\" content=\"DPO Associates\" \/>\n<meta property=\"article:publisher\" content=\"https:\/\/www.facebook.com\/profile.php?id=100083400514207\" \/>\n<meta property=\"article:published_time\" content=\"2023-07-13T07:45:52+00:00\" \/>\n<meta property=\"article:modified_time\" content=\"2024-07-05T09:29:15+00:00\" \/>\n<meta property=\"og:image\" content=\"https:\/\/dpoassociates.eu\/wp-content\/uploads\/2023\/07\/Ontwerp-zonder-titel-174.png\" \/>\n\t<meta property=\"og:image:width\" content=\"1080\" \/>\n\t<meta property=\"og:image:height\" content=\"1080\" \/>\n\t<meta property=\"og:image:type\" content=\"image\/png\" \/>\n<meta name=\"author\" content=\"admin\" \/>\n<meta name=\"twitter:card\" content=\"summary_large_image\" \/>\n<meta name=\"twitter:label1\" content=\"\u00c9crit par\" \/>\n\t<meta name=\"twitter:data1\" content=\"admin\" \/>\n\t<meta name=\"twitter:label2\" content=\"Dur\u00e9e de lecture estim\u00e9e\" \/>\n\t<meta name=\"twitter:data2\" content=\"7 minutes\" \/>\n<script type=\"application\/ld+json\" class=\"yoast-schema-graph\">{\"@context\":\"https:\/\/schema.org\",\"@graph\":[{\"@type\":\"Article\",\"@id\":\"https:\/\/dpoassociates.eu\/fr\/les-meta-peuvent-etre-restreints-en-fonction-des-mises-a-jour-du-gdpr\/#article\",\"isPartOf\":{\"@id\":\"https:\/\/dpoassociates.eu\/fr\/les-meta-peuvent-etre-restreints-en-fonction-des-mises-a-jour-du-gdpr\/\"},\"author\":{\"name\":\"admin\",\"@id\":\"https:\/\/dpoassociates.eu\/fr\/#\/schema\/person\/302a15bf9c51c524d89cb526c22ab649\"},\"headline\":\"Les m\u00e9ta peuvent \u00eatre restreints en fonction des mises \u00e0 jour du RGPD\",\"datePublished\":\"2023-07-13T07:45:52+00:00\",\"dateModified\":\"2024-07-05T09:29:15+00:00\",\"mainEntityOfPage\":{\"@id\":\"https:\/\/dpoassociates.eu\/fr\/les-meta-peuvent-etre-restreints-en-fonction-des-mises-a-jour-du-gdpr\/\"},\"wordCount\":1304,\"publisher\":{\"@id\":\"https:\/\/dpoassociates.eu\/fr\/#organization\"},\"image\":{\"@id\":\"https:\/\/dpoassociates.eu\/fr\/les-meta-peuvent-etre-restreints-en-fonction-des-mises-a-jour-du-gdpr\/#primaryimage\"},\"thumbnailUrl\":\"https:\/\/dpoassociates.eu\/wp-content\/uploads\/2023\/07\/Ontwerp-zonder-titel-174.png\",\"articleSection\":[\"G\u00e9n\u00e9ral\",\"Non classifi\u00e9(e)\"],\"inLanguage\":\"fr-FR\"},{\"@type\":\"WebPage\",\"@id\":\"https:\/\/dpoassociates.eu\/fr\/les-meta-peuvent-etre-restreints-en-fonction-des-mises-a-jour-du-gdpr\/\",\"url\":\"https:\/\/dpoassociates.eu\/fr\/les-meta-peuvent-etre-restreints-en-fonction-des-mises-a-jour-du-gdpr\/\",\"name\":\"Restrictions des m\u00e9tas selon les mises \u00e0 jour du RGPD\",\"isPartOf\":{\"@id\":\"https:\/\/dpoassociates.eu\/fr\/#website\"},\"primaryImageOfPage\":{\"@id\":\"https:\/\/dpoassociates.eu\/fr\/les-meta-peuvent-etre-restreints-en-fonction-des-mises-a-jour-du-gdpr\/#primaryimage\"},\"image\":{\"@id\":\"https:\/\/dpoassociates.eu\/fr\/les-meta-peuvent-etre-restreints-en-fonction-des-mises-a-jour-du-gdpr\/#primaryimage\"},\"thumbnailUrl\":\"https:\/\/dpoassociates.eu\/wp-content\/uploads\/2023\/07\/Ontwerp-zonder-titel-174.png\",\"datePublished\":\"2023-07-13T07:45:52+00:00\",\"dateModified\":\"2024-07-05T09:29:15+00:00\",\"description\":\"Le tribunal a confirm\u00e9 que l'autorit\u00e9 allemande de la concurrence est habilit\u00e9e \u00e0 faire appliquer les lois sur la protection de la vie priv\u00e9e et \u00e0 emp\u00eacher Meta de collecter des donn\u00e9es par l'interm\u00e9diaire de Facebook et d'autres plateformes.\",\"breadcrumb\":{\"@id\":\"https:\/\/dpoassociates.eu\/fr\/les-meta-peuvent-etre-restreints-en-fonction-des-mises-a-jour-du-gdpr\/#breadcrumb\"},\"inLanguage\":\"fr-FR\",\"potentialAction\":[{\"@type\":\"ReadAction\",\"target\":[\"https:\/\/dpoassociates.eu\/fr\/les-meta-peuvent-etre-restreints-en-fonction-des-mises-a-jour-du-gdpr\/\"]}]},{\"@type\":\"ImageObject\",\"inLanguage\":\"fr-FR\",\"@id\":\"https:\/\/dpoassociates.eu\/fr\/les-meta-peuvent-etre-restreints-en-fonction-des-mises-a-jour-du-gdpr\/#primaryimage\",\"url\":\"https:\/\/dpoassociates.eu\/wp-content\/uploads\/2023\/07\/Ontwerp-zonder-titel-174.png\",\"contentUrl\":\"https:\/\/dpoassociates.eu\/wp-content\/uploads\/2023\/07\/Ontwerp-zonder-titel-174.png\",\"width\":1080,\"height\":1080},{\"@type\":\"BreadcrumbList\",\"@id\":\"https:\/\/dpoassociates.eu\/fr\/les-meta-peuvent-etre-restreints-en-fonction-des-mises-a-jour-du-gdpr\/#breadcrumb\",\"itemListElement\":[{\"@type\":\"ListItem\",\"position\":1,\"name\":\"Home\",\"item\":\"https:\/\/dpoassociates.eu\/fr\/\"},{\"@type\":\"ListItem\",\"position\":2,\"name\":\"Les m\u00e9ta peuvent \u00eatre restreints en fonction des mises \u00e0 jour du RGPD\"}]},{\"@type\":\"WebSite\",\"@id\":\"https:\/\/dpoassociates.eu\/fr\/#website\",\"url\":\"https:\/\/dpoassociates.eu\/fr\/\",\"name\":\"DPO Associates\",\"description\":\"Protect, Detect, Respond\",\"publisher\":{\"@id\":\"https:\/\/dpoassociates.eu\/fr\/#organization\"},\"potentialAction\":[{\"@type\":\"SearchAction\",\"target\":{\"@type\":\"EntryPoint\",\"urlTemplate\":\"https:\/\/dpoassociates.eu\/fr\/?s={search_term_string}\"},\"query-input\":{\"@type\":\"PropertyValueSpecification\",\"valueRequired\":true,\"valueName\":\"search_term_string\"}}],\"inLanguage\":\"fr-FR\"},{\"@type\":\"Organization\",\"@id\":\"https:\/\/dpoassociates.eu\/fr\/#organization\",\"name\":\"DPO Associates\",\"url\":\"https:\/\/dpoassociates.eu\/fr\/\",\"logo\":{\"@type\":\"ImageObject\",\"inLanguage\":\"fr-FR\",\"@id\":\"https:\/\/dpoassociates.eu\/fr\/#\/schema\/logo\/image\/\",\"url\":\"https:\/\/dpoassociates.eu\/wp-content\/uploads\/2022\/09\/thumbnail_Logo-DPO-Associates-negatief-zwart-negatief-002.png\",\"contentUrl\":\"https:\/\/dpoassociates.eu\/wp-content\/uploads\/2022\/09\/thumbnail_Logo-DPO-Associates-negatief-zwart-negatief-002.png\",\"width\":651,\"height\":651,\"caption\":\"DPO Associates\"},\"image\":{\"@id\":\"https:\/\/dpoassociates.eu\/fr\/#\/schema\/logo\/image\/\"},\"sameAs\":[\"https:\/\/www.facebook.com\/profile.php?id=100083400514207\",\"https:\/\/www.linkedin.com\/company\/dpo-associates-da\/\"]},{\"@type\":\"Person\",\"@id\":\"https:\/\/dpoassociates.eu\/fr\/#\/schema\/person\/302a15bf9c51c524d89cb526c22ab649\",\"name\":\"admin\",\"image\":{\"@type\":\"ImageObject\",\"inLanguage\":\"fr-FR\",\"@id\":\"https:\/\/secure.gravatar.com\/avatar\/0b13c3c7ec36f7f3c24ceeed82ac5a11ac7dd5c84b337f0a962c2cf227bd86d3?s=96&d=mm&r=g\",\"url\":\"https:\/\/secure.gravatar.com\/avatar\/0b13c3c7ec36f7f3c24ceeed82ac5a11ac7dd5c84b337f0a962c2cf227bd86d3?s=96&d=mm&r=g\",\"contentUrl\":\"https:\/\/secure.gravatar.com\/avatar\/0b13c3c7ec36f7f3c24ceeed82ac5a11ac7dd5c84b337f0a962c2cf227bd86d3?s=96&d=mm&r=g\",\"caption\":\"admin\"},\"sameAs\":[\"https:\/\/dpoassociates.eu\"],\"url\":\"https:\/\/dpoassociates.eu\/fr\/author\/admin\/\"}]}<\/script>\n<!-- \/ Yoast SEO Premium plugin. -->","yoast_head_json":{"title":"Restrictions des m\u00e9tas selon les mises \u00e0 jour du RGPD","description":"Le tribunal a confirm\u00e9 que l'autorit\u00e9 allemande de la concurrence est habilit\u00e9e \u00e0 faire appliquer les lois sur la protection de la vie priv\u00e9e et \u00e0 emp\u00eacher Meta de collecter des donn\u00e9es par l'interm\u00e9diaire de Facebook et d'autres plateformes.","robots":{"index":"index","follow":"follow","max-snippet":"max-snippet:-1","max-image-preview":"max-image-preview:large","max-video-preview":"max-video-preview:-1"},"canonical":"https:\/\/dpoassociates.eu\/fr\/les-meta-peuvent-etre-restreints-en-fonction-des-mises-a-jour-du-gdpr\/","og_locale":"fr_FR","og_type":"article","og_title":"Les m\u00e9ta peuvent \u00eatre restreints en fonction des mises \u00e0 jour du RGPD","og_description":"Le tribunal a confirm\u00e9 que l'autorit\u00e9 allemande de la concurrence est habilit\u00e9e \u00e0 faire appliquer les lois sur la protection de la vie priv\u00e9e et \u00e0 emp\u00eacher Meta de collecter des donn\u00e9es par l'interm\u00e9diaire de Facebook et d'autres plateformes.","og_url":"https:\/\/dpoassociates.eu\/fr\/les-meta-peuvent-etre-restreints-en-fonction-des-mises-a-jour-du-gdpr\/","og_site_name":"DPO Associates","article_publisher":"https:\/\/www.facebook.com\/profile.php?id=100083400514207","article_published_time":"2023-07-13T07:45:52+00:00","article_modified_time":"2024-07-05T09:29:15+00:00","og_image":[{"width":1080,"height":1080,"url":"https:\/\/dpoassociates.eu\/wp-content\/uploads\/2023\/07\/Ontwerp-zonder-titel-174.png","type":"image\/png"}],"author":"admin","twitter_card":"summary_large_image","twitter_misc":{"\u00c9crit par":"admin","Dur\u00e9e de lecture estim\u00e9e":"7 minutes"},"schema":{"@context":"https:\/\/schema.org","@graph":[{"@type":"Article","@id":"https:\/\/dpoassociates.eu\/fr\/les-meta-peuvent-etre-restreints-en-fonction-des-mises-a-jour-du-gdpr\/#article","isPartOf":{"@id":"https:\/\/dpoassociates.eu\/fr\/les-meta-peuvent-etre-restreints-en-fonction-des-mises-a-jour-du-gdpr\/"},"author":{"name":"admin","@id":"https:\/\/dpoassociates.eu\/fr\/#\/schema\/person\/302a15bf9c51c524d89cb526c22ab649"},"headline":"Les m\u00e9ta peuvent \u00eatre restreints en fonction des mises \u00e0 jour du RGPD","datePublished":"2023-07-13T07:45:52+00:00","dateModified":"2024-07-05T09:29:15+00:00","mainEntityOfPage":{"@id":"https:\/\/dpoassociates.eu\/fr\/les-meta-peuvent-etre-restreints-en-fonction-des-mises-a-jour-du-gdpr\/"},"wordCount":1304,"publisher":{"@id":"https:\/\/dpoassociates.eu\/fr\/#organization"},"image":{"@id":"https:\/\/dpoassociates.eu\/fr\/les-meta-peuvent-etre-restreints-en-fonction-des-mises-a-jour-du-gdpr\/#primaryimage"},"thumbnailUrl":"https:\/\/dpoassociates.eu\/wp-content\/uploads\/2023\/07\/Ontwerp-zonder-titel-174.png","articleSection":["G\u00e9n\u00e9ral","Non classifi\u00e9(e)"],"inLanguage":"fr-FR"},{"@type":"WebPage","@id":"https:\/\/dpoassociates.eu\/fr\/les-meta-peuvent-etre-restreints-en-fonction-des-mises-a-jour-du-gdpr\/","url":"https:\/\/dpoassociates.eu\/fr\/les-meta-peuvent-etre-restreints-en-fonction-des-mises-a-jour-du-gdpr\/","name":"Restrictions des m\u00e9tas selon les mises \u00e0 jour du RGPD","isPartOf":{"@id":"https:\/\/dpoassociates.eu\/fr\/#website"},"primaryImageOfPage":{"@id":"https:\/\/dpoassociates.eu\/fr\/les-meta-peuvent-etre-restreints-en-fonction-des-mises-a-jour-du-gdpr\/#primaryimage"},"image":{"@id":"https:\/\/dpoassociates.eu\/fr\/les-meta-peuvent-etre-restreints-en-fonction-des-mises-a-jour-du-gdpr\/#primaryimage"},"thumbnailUrl":"https:\/\/dpoassociates.eu\/wp-content\/uploads\/2023\/07\/Ontwerp-zonder-titel-174.png","datePublished":"2023-07-13T07:45:52+00:00","dateModified":"2024-07-05T09:29:15+00:00","description":"Le tribunal a confirm\u00e9 que l'autorit\u00e9 allemande de la concurrence est habilit\u00e9e \u00e0 faire appliquer les lois sur la protection de la vie priv\u00e9e et \u00e0 emp\u00eacher Meta de collecter des donn\u00e9es par l'interm\u00e9diaire de Facebook et d'autres plateformes.","breadcrumb":{"@id":"https:\/\/dpoassociates.eu\/fr\/les-meta-peuvent-etre-restreints-en-fonction-des-mises-a-jour-du-gdpr\/#breadcrumb"},"inLanguage":"fr-FR","potentialAction":[{"@type":"ReadAction","target":["https:\/\/dpoassociates.eu\/fr\/les-meta-peuvent-etre-restreints-en-fonction-des-mises-a-jour-du-gdpr\/"]}]},{"@type":"ImageObject","inLanguage":"fr-FR","@id":"https:\/\/dpoassociates.eu\/fr\/les-meta-peuvent-etre-restreints-en-fonction-des-mises-a-jour-du-gdpr\/#primaryimage","url":"https:\/\/dpoassociates.eu\/wp-content\/uploads\/2023\/07\/Ontwerp-zonder-titel-174.png","contentUrl":"https:\/\/dpoassociates.eu\/wp-content\/uploads\/2023\/07\/Ontwerp-zonder-titel-174.png","width":1080,"height":1080},{"@type":"BreadcrumbList","@id":"https:\/\/dpoassociates.eu\/fr\/les-meta-peuvent-etre-restreints-en-fonction-des-mises-a-jour-du-gdpr\/#breadcrumb","itemListElement":[{"@type":"ListItem","position":1,"name":"Home","item":"https:\/\/dpoassociates.eu\/fr\/"},{"@type":"ListItem","position":2,"name":"Les m\u00e9ta peuvent \u00eatre restreints en fonction des mises \u00e0 jour du RGPD"}]},{"@type":"WebSite","@id":"https:\/\/dpoassociates.eu\/fr\/#website","url":"https:\/\/dpoassociates.eu\/fr\/","name":"DPO Associates","description":"Protect, Detect, Respond","publisher":{"@id":"https:\/\/dpoassociates.eu\/fr\/#organization"},"potentialAction":[{"@type":"SearchAction","target":{"@type":"EntryPoint","urlTemplate":"https:\/\/dpoassociates.eu\/fr\/?s={search_term_string}"},"query-input":{"@type":"PropertyValueSpecification","valueRequired":true,"valueName":"search_term_string"}}],"inLanguage":"fr-FR"},{"@type":"Organization","@id":"https:\/\/dpoassociates.eu\/fr\/#organization","name":"DPO Associates","url":"https:\/\/dpoassociates.eu\/fr\/","logo":{"@type":"ImageObject","inLanguage":"fr-FR","@id":"https:\/\/dpoassociates.eu\/fr\/#\/schema\/logo\/image\/","url":"https:\/\/dpoassociates.eu\/wp-content\/uploads\/2022\/09\/thumbnail_Logo-DPO-Associates-negatief-zwart-negatief-002.png","contentUrl":"https:\/\/dpoassociates.eu\/wp-content\/uploads\/2022\/09\/thumbnail_Logo-DPO-Associates-negatief-zwart-negatief-002.png","width":651,"height":651,"caption":"DPO Associates"},"image":{"@id":"https:\/\/dpoassociates.eu\/fr\/#\/schema\/logo\/image\/"},"sameAs":["https:\/\/www.facebook.com\/profile.php?id=100083400514207","https:\/\/www.linkedin.com\/company\/dpo-associates-da\/"]},{"@type":"Person","@id":"https:\/\/dpoassociates.eu\/fr\/#\/schema\/person\/302a15bf9c51c524d89cb526c22ab649","name":"admin","image":{"@type":"ImageObject","inLanguage":"fr-FR","@id":"https:\/\/secure.gravatar.com\/avatar\/0b13c3c7ec36f7f3c24ceeed82ac5a11ac7dd5c84b337f0a962c2cf227bd86d3?s=96&d=mm&r=g","url":"https:\/\/secure.gravatar.com\/avatar\/0b13c3c7ec36f7f3c24ceeed82ac5a11ac7dd5c84b337f0a962c2cf227bd86d3?s=96&d=mm&r=g","contentUrl":"https:\/\/secure.gravatar.com\/avatar\/0b13c3c7ec36f7f3c24ceeed82ac5a11ac7dd5c84b337f0a962c2cf227bd86d3?s=96&d=mm&r=g","caption":"admin"},"sameAs":["https:\/\/dpoassociates.eu"],"url":"https:\/\/dpoassociates.eu\/fr\/author\/admin\/"}]}},"_links":{"self":[{"href":"https:\/\/dpoassociates.eu\/fr\/wp-json\/wp\/v2\/posts\/9665","targetHints":{"allow":["GET"]}}],"collection":[{"href":"https:\/\/dpoassociates.eu\/fr\/wp-json\/wp\/v2\/posts"}],"about":[{"href":"https:\/\/dpoassociates.eu\/fr\/wp-json\/wp\/v2\/types\/post"}],"author":[{"embeddable":true,"href":"https:\/\/dpoassociates.eu\/fr\/wp-json\/wp\/v2\/users\/1"}],"replies":[{"embeddable":true,"href":"https:\/\/dpoassociates.eu\/fr\/wp-json\/wp\/v2\/comments?post=9665"}],"version-history":[{"count":0,"href":"https:\/\/dpoassociates.eu\/fr\/wp-json\/wp\/v2\/posts\/9665\/revisions"}],"wp:featuredmedia":[{"embeddable":true,"href":"https:\/\/dpoassociates.eu\/fr\/wp-json\/wp\/v2\/media\/9625"}],"wp:attachment":[{"href":"https:\/\/dpoassociates.eu\/fr\/wp-json\/wp\/v2\/media?parent=9665"}],"wp:term":[{"taxonomy":"category","embeddable":true,"href":"https:\/\/dpoassociates.eu\/fr\/wp-json\/wp\/v2\/categories?post=9665"},{"taxonomy":"post_tag","embeddable":true,"href":"https:\/\/dpoassociates.eu\/fr\/wp-json\/wp\/v2\/tags?post=9665"}],"curies":[{"name":"wp","href":"https:\/\/api.w.org\/{rel}","templated":true}]}}