{"id":16295,"date":"2024-06-17T11:51:56","date_gmt":"2024-06-17T11:51:56","guid":{"rendered":"https:\/\/dpoassociates.eu\/une-menace-invisible-pour-la-vie-privee\/"},"modified":"2025-02-27T14:30:56","modified_gmt":"2025-02-27T13:30:56","slug":"une-menace-invisible-pour-la-vie-privee","status":"publish","type":"post","link":"https:\/\/dpoassociates.eu\/fr\/une-menace-invisible-pour-la-vie-privee\/","title":{"rendered":"Une menace invisible pour la vie priv\u00e9e"},"content":{"rendered":"\n<p><strong>Introduction<\/strong><\/p>\n\n<p>Les entreprises utilisent les donn\u00e9es personnelles pour optimiser leurs campagnes de marketing, effectuer des analyses pr\u00e9cises et am\u00e9liorer leurs strat\u00e9gies commerciales. Mais \u00e0 mesure que la valeur des donn\u00e9es augmente, les pr\u00e9occupations relatives \u00e0 la vie priv\u00e9e et \u00e0 la protection des donn\u00e9es augmentent \u00e9galement ! Un grand nombre d&rsquo;utilisateurs ne se rendent pas compte qu&rsquo;ils peuvent d\u00e9j\u00e0 perdre le contr\u00f4le de leurs donn\u00e9es par le biais d&rsquo;un simple lien.<\/p>\n\n<h4 class=\"wp-block-heading\" id=\"h-de-rol-van-gdpr-en-eprivacy\">Le r\u00f4le du GDPR et de ePrivacy<\/h4>\n\n<p>En 2018, l&rsquo;introduction du r\u00e8glement g\u00e9n\u00e9ral sur la protection des donn\u00e9es (RGPD) a entra\u00een\u00e9 un changement majeur dans la mani\u00e8re dont les entreprises doivent traiter les donn\u00e9es personnelles. Ce r\u00e8glement, ainsi que le r\u00e8glement \u00ab\u00a0vie priv\u00e9e et communications \u00e9lectroniques\u00a0\u00bb, met l&rsquo;accent sur l&rsquo;obtention du consentement explicite de l&rsquo;utilisateur avant toute collecte et tout traitement de donn\u00e9es. Selon l&rsquo;AVG\/GDPR, le consentement doit :<\/p>\n\n<ul class=\"wp-block-list\">\n<li><strong>La libert\u00e9 d&rsquo;action :<\/strong> Les utilisateurs doivent avoir un v\u00e9ritable choix, sans pression ni cons\u00e9quences n\u00e9gatives.<\/li>\n\n\n\n<li><strong>Soyez pr\u00e9cis<\/strong>: Le consentement doit \u00eatre donn\u00e9 dans un but clairement d\u00e9fini.<\/li>\n\n\n\n<li><strong>\u00catre inform\u00e9 :<\/strong> Les utilisateurs doivent \u00eatre pleinement inform\u00e9s de ce qu&rsquo;ils autorisent.<\/li>\n\n\n\n<li><strong>Soyez sans ambigu\u00eft\u00e9 : <\/strong>Le consentement doit \u00eatre donn\u00e9 par une action active claire.<\/li>\n<\/ul>\n\n<h4 class=\"wp-block-heading\" id=\"h-hoe-links-je-privacy-kunnen-bedreigen\">Comment les liens peuvent menacer votre vie priv\u00e9e<\/h4>\n\n<p>Les liens peuvent sembler inoffensifs \u00e0 premi\u00e8re vue, mais ils peuvent constituer une menace furtive pour votre vie priv\u00e9e. De nombreuses entreprises utilisent des liens de suivi ou des raccourcisseurs d&rsquo;URL qui collectent des informations sur l&rsquo;utilisateur d\u00e8s qu&rsquo;il clique sur le lien. Il peut s&rsquo;agir de donn\u00e9es de localisation, de types d&rsquo;appareils, de comportements de navigation ou d&rsquo;autres informations personnelles. Malgr\u00e9 la protection offerte par le GDPR, cliquer sur un lien peut d\u00e9j\u00e0 conduire \u00e0 partager vos donn\u00e9es sans le savoir.<\/p>\n\n<h4 class=\"wp-block-heading\" id=\"h-wat-kun-je-doen\">Que pouvez-vous faire ?<\/h4>\n\n<p>Pour mieux prot\u00e9ger votre vie priv\u00e9e, vous pouvez prendre un certain nombre de mesures :<\/p>\n\n<ol class=\"wp-block-list\">\n<li>Soyez <strong>attentif aux liens de suivi<\/strong>: M\u00e9fiez-vous des liens que vous recevez et sur lesquels vous cliquez, surtout s&rsquo;ils proviennent de sources inconnues.<\/li>\n\n\n\n<li><strong>Utilisez des outils de protection de la vie priv\u00e9e<\/strong>: Il existe des outils et des extensions de navigateur qui bloquent les liens de suivi et prot\u00e8gent votre vie priv\u00e9e.<\/li>\n\n\n\n<li><strong>Lisez les d\u00e9clarations<\/strong> de confidentialit\u00e9 : Avant de cliquer sur un lien, prenez le temps de lire la d\u00e9claration de confidentialit\u00e9 du site web pour savoir quelles donn\u00e9es peuvent \u00eatre collect\u00e9es.<\/li>\n<\/ol>\n\n<h3 class=\"wp-block-heading\">Situation actuelle<\/h3>\n\n<p>Le respect des r\u00e8gles de protection des donn\u00e9es, telles que la directive AVG et ePrivacy, est compromis lorsque les plateformes de gestion des liens traitent les donn\u00e9es des utilisateurs sans avoir obtenu le consentement appropri\u00e9. Cette violation se produit souvent lorsque les utilisateurs cliquent sur des liens partag\u00e9s sur diff\u00e9rentes plateformes, telles que les sites web, les m\u00e9dias sociaux, les applications de messagerie et d&rsquo;autres canaux en ligne. Lorsqu&rsquo;un utilisateur clique sur un lien raccourci, la plateforme de gestion des liens peut collecter et traiter des donn\u00e9es \u00e0 caract\u00e8re personnel en arri\u00e8re-plan, \u00e0 l&rsquo;insu de l&rsquo;utilisateur et sans son consentement.<\/p>\n\n<h4 class=\"wp-block-heading\">Collecte de donn\u00e9es<\/h4>\n\n<p>Les informations\/donn\u00e9es collect\u00e9es comprennent<\/p>\n\n<ul class=\"wp-block-list\">\n<li>Adresse IP<\/li>\n\n\n\n<li>Donn\u00e9es de g\u00e9olocalisation<\/li>\n\n\n\n<li>Type et mod\u00e8le d&rsquo;appareil<\/li>\n\n\n\n<li>Type et version du navigateur<\/li>\n\n\n\n<li>Syst\u00e8me d&rsquo;exploitation<\/li>\n\n\n\n<li>Param\u00e8tres linguistiques<\/li>\n\n\n\n<li>Site web ou application de r\u00e9f\u00e9rence<\/li>\n\n\n\n<li>Temps de clics<\/li>\n\n\n\n<li>Comportement des utilisateurs et interactions sur le site web de la destination<\/li>\n<\/ul>\n\n<p>Au cours de leurs activit\u00e9s en ligne, les utilisateurs tombent souvent, sans le savoir, sur des liens raccourcis g\u00e9n\u00e9r\u00e9s par des plateformes de gestion de liens. Lorsqu&rsquo;ils cliquent sur ces liens, ils sont imm\u00e9diatement redirig\u00e9s vers la destination souhait\u00e9e sans qu&rsquo;aucune option, information sur la politique ou divulgation ne leur soit pr\u00e9sent\u00e9e. Ce manque de transparence et de choix emp\u00eache les utilisateurs de prendre des d\u00e9cisions \u00e9clair\u00e9es concernant leurs donn\u00e9es personnelles, en violation flagrante des r\u00e8glements GDPR et ePrivacy.<\/p>\n\n<p>En outre, l&rsquo;absence d&rsquo;option de refus de collecte de donn\u00e9es ou de possibilit\u00e9 de consulter les politiques de confidentialit\u00e9 viole les principes de la protection des donn\u00e9es d\u00e8s la conception et des param\u00e8tres par d\u00e9faut, tels qu&rsquo;ils sont d\u00e9crits dans le guide AVG. Cette violation est particuli\u00e8rement pr\u00e9occupante compte tenu du grand nombre d&rsquo;utilisateurs touch\u00e9s quotidiennement et de la d\u00e9pendance croissante \u00e0 l&rsquo;\u00e9gard des plateformes de gestion de liens pour diverses activit\u00e9s en ligne, telles que le marketing, le partage de contenu et l&rsquo;analyse.<\/p>\n\n<h4 class=\"wp-block-heading\" id=\"h-conclusie\">Conclusion<\/h4>\n\n<p>Les r\u00e8glements AVG et ePrivacy offrent une protection importante, mais c&rsquo;est aux utilisateurs eux-m\u00eames de prot\u00e9ger activement leur vie priv\u00e9e. En \u00e9tant conscients des menaces invisibles, comme le fait de cliquer sur des liens de suivi, les utilisateurs peuvent mieux contr\u00f4ler leurs donn\u00e9es personnelles et garantir leur vie priv\u00e9e.<\/p>\n","protected":false},"excerpt":{"rendered":"<p>Introduction Les entreprises utilisent les donn\u00e9es personnelles pour optimiser leurs campagnes de marketing, effectuer des analyses pr\u00e9cises et am\u00e9liorer leurs strat\u00e9gies commerciales. [&hellip;]<\/p>\n","protected":false},"author":1,"featured_media":16291,"comment_status":"closed","ping_status":"open","sticky":false,"template":"","format":"standard","meta":{"_eb_attr":"","footnotes":""},"categories":[139,60],"tags":[],"class_list":["post-16295","post","type-post","status-publish","format-standard","has-post-thumbnail","hentry","category-general-fr","category-non-classifiee"],"yoast_head":"<!-- This site is optimized with the Yoast SEO Premium plugin v25.8 (Yoast SEO v27.2) - https:\/\/yoast.com\/product\/yoast-seo-premium-wordpress\/ -->\n<title>Menace invisible pour la vie priv\u00e9e<\/title>\n<meta name=\"description\" content=\"D\u00e9couvrez l&#039;impact de la directive &quot;vie priv\u00e9e et communications \u00e9lectroniques&quot; sur la protection des donn\u00e9es. D\u00e9couvrez comment le r\u00e8glement AVG et le r\u00e8glement ePrivacy r\u00e9glementent le consentement \u00e0 la collecte et au traitement des donn\u00e9es.\" \/>\n<meta name=\"robots\" content=\"index, follow, max-snippet:-1, max-image-preview:large, max-video-preview:-1\" \/>\n<link rel=\"canonical\" href=\"https:\/\/dpoassociates.eu\/fr\/une-menace-invisible-pour-la-vie-privee\/\" \/>\n<meta property=\"og:locale\" content=\"fr_FR\" \/>\n<meta property=\"og:type\" content=\"article\" \/>\n<meta property=\"og:title\" content=\"Une menace invisible pour la vie priv\u00e9e\" \/>\n<meta property=\"og:description\" content=\"D\u00e9couvrez l&#039;impact de la directive &quot;vie priv\u00e9e et communications \u00e9lectroniques&quot; sur la protection des donn\u00e9es. D\u00e9couvrez comment le r\u00e8glement AVG et le r\u00e8glement ePrivacy r\u00e9glementent le consentement \u00e0 la collecte et au traitement des donn\u00e9es.\" \/>\n<meta property=\"og:url\" content=\"https:\/\/dpoassociates.eu\/fr\/une-menace-invisible-pour-la-vie-privee\/\" \/>\n<meta property=\"og:site_name\" content=\"DPO Associates\" \/>\n<meta property=\"article:publisher\" content=\"https:\/\/www.facebook.com\/profile.php?id=100083400514207\" \/>\n<meta property=\"article:published_time\" content=\"2024-06-17T11:51:56+00:00\" \/>\n<meta property=\"article:modified_time\" content=\"2025-02-27T13:30:56+00:00\" \/>\n<meta property=\"og:image\" content=\"https:\/\/dpoassociates.eu\/wp-content\/uploads\/2024\/06\/Tussentitel-toevoegen-5.png\" \/>\n\t<meta property=\"og:image:width\" content=\"1080\" \/>\n\t<meta property=\"og:image:height\" content=\"1080\" \/>\n\t<meta property=\"og:image:type\" content=\"image\/png\" \/>\n<meta name=\"author\" content=\"admin\" \/>\n<meta name=\"twitter:card\" content=\"summary_large_image\" \/>\n<meta name=\"twitter:label1\" content=\"\u00c9crit par\" \/>\n\t<meta name=\"twitter:data1\" content=\"admin\" \/>\n\t<meta name=\"twitter:label2\" content=\"Dur\u00e9e de lecture estim\u00e9e\" \/>\n\t<meta name=\"twitter:data2\" content=\"4 minutes\" \/>\n<script type=\"application\/ld+json\" class=\"yoast-schema-graph\">{\"@context\":\"https:\/\/schema.org\",\"@graph\":[{\"@type\":\"Article\",\"@id\":\"https:\/\/dpoassociates.eu\/fr\/une-menace-invisible-pour-la-vie-privee\/#article\",\"isPartOf\":{\"@id\":\"https:\/\/dpoassociates.eu\/fr\/une-menace-invisible-pour-la-vie-privee\/\"},\"author\":{\"name\":\"admin\",\"@id\":\"https:\/\/dpoassociates.eu\/fr\/#\/schema\/person\/302a15bf9c51c524d89cb526c22ab649\"},\"headline\":\"Une menace invisible pour la vie priv\u00e9e\",\"datePublished\":\"2024-06-17T11:51:56+00:00\",\"dateModified\":\"2025-02-27T13:30:56+00:00\",\"mainEntityOfPage\":{\"@id\":\"https:\/\/dpoassociates.eu\/fr\/une-menace-invisible-pour-la-vie-privee\/\"},\"wordCount\":871,\"publisher\":{\"@id\":\"https:\/\/dpoassociates.eu\/fr\/#organization\"},\"image\":{\"@id\":\"https:\/\/dpoassociates.eu\/fr\/une-menace-invisible-pour-la-vie-privee\/#primaryimage\"},\"thumbnailUrl\":\"https:\/\/dpoassociates.eu\/wp-content\/uploads\/2024\/06\/Tussentitel-toevoegen-5.png\",\"articleSection\":[\"G\u00e9n\u00e9ral\",\"Non classifi\u00e9(e)\"],\"inLanguage\":\"fr-FR\"},{\"@type\":\"WebPage\",\"@id\":\"https:\/\/dpoassociates.eu\/fr\/une-menace-invisible-pour-la-vie-privee\/\",\"url\":\"https:\/\/dpoassociates.eu\/fr\/une-menace-invisible-pour-la-vie-privee\/\",\"name\":\"Menace invisible pour la vie priv\u00e9e\",\"isPartOf\":{\"@id\":\"https:\/\/dpoassociates.eu\/fr\/#website\"},\"primaryImageOfPage\":{\"@id\":\"https:\/\/dpoassociates.eu\/fr\/une-menace-invisible-pour-la-vie-privee\/#primaryimage\"},\"image\":{\"@id\":\"https:\/\/dpoassociates.eu\/fr\/une-menace-invisible-pour-la-vie-privee\/#primaryimage\"},\"thumbnailUrl\":\"https:\/\/dpoassociates.eu\/wp-content\/uploads\/2024\/06\/Tussentitel-toevoegen-5.png\",\"datePublished\":\"2024-06-17T11:51:56+00:00\",\"dateModified\":\"2025-02-27T13:30:56+00:00\",\"description\":\"D\u00e9couvrez l'impact de la directive \\\"vie priv\u00e9e et communications \u00e9lectroniques\\\" sur la protection des donn\u00e9es. D\u00e9couvrez comment le r\u00e8glement AVG et le r\u00e8glement ePrivacy r\u00e9glementent le consentement \u00e0 la collecte et au traitement des donn\u00e9es.\",\"breadcrumb\":{\"@id\":\"https:\/\/dpoassociates.eu\/fr\/une-menace-invisible-pour-la-vie-privee\/#breadcrumb\"},\"inLanguage\":\"fr-FR\",\"potentialAction\":[{\"@type\":\"ReadAction\",\"target\":[\"https:\/\/dpoassociates.eu\/fr\/une-menace-invisible-pour-la-vie-privee\/\"]}]},{\"@type\":\"ImageObject\",\"inLanguage\":\"fr-FR\",\"@id\":\"https:\/\/dpoassociates.eu\/fr\/une-menace-invisible-pour-la-vie-privee\/#primaryimage\",\"url\":\"https:\/\/dpoassociates.eu\/wp-content\/uploads\/2024\/06\/Tussentitel-toevoegen-5.png\",\"contentUrl\":\"https:\/\/dpoassociates.eu\/wp-content\/uploads\/2024\/06\/Tussentitel-toevoegen-5.png\",\"width\":1080,\"height\":1080,\"caption\":\"Onzichtbare Bedreiging Voor Privacy\"},{\"@type\":\"BreadcrumbList\",\"@id\":\"https:\/\/dpoassociates.eu\/fr\/une-menace-invisible-pour-la-vie-privee\/#breadcrumb\",\"itemListElement\":[{\"@type\":\"ListItem\",\"position\":1,\"name\":\"Home\",\"item\":\"https:\/\/dpoassociates.eu\/fr\/\"},{\"@type\":\"ListItem\",\"position\":2,\"name\":\"Une menace invisible pour la vie priv\u00e9e\"}]},{\"@type\":\"WebSite\",\"@id\":\"https:\/\/dpoassociates.eu\/fr\/#website\",\"url\":\"https:\/\/dpoassociates.eu\/fr\/\",\"name\":\"DPO Associates\",\"description\":\"Protect, Detect, Respond\",\"publisher\":{\"@id\":\"https:\/\/dpoassociates.eu\/fr\/#organization\"},\"potentialAction\":[{\"@type\":\"SearchAction\",\"target\":{\"@type\":\"EntryPoint\",\"urlTemplate\":\"https:\/\/dpoassociates.eu\/fr\/?s={search_term_string}\"},\"query-input\":{\"@type\":\"PropertyValueSpecification\",\"valueRequired\":true,\"valueName\":\"search_term_string\"}}],\"inLanguage\":\"fr-FR\"},{\"@type\":\"Organization\",\"@id\":\"https:\/\/dpoassociates.eu\/fr\/#organization\",\"name\":\"DPO Associates\",\"url\":\"https:\/\/dpoassociates.eu\/fr\/\",\"logo\":{\"@type\":\"ImageObject\",\"inLanguage\":\"fr-FR\",\"@id\":\"https:\/\/dpoassociates.eu\/fr\/#\/schema\/logo\/image\/\",\"url\":\"https:\/\/dpoassociates.eu\/wp-content\/uploads\/2022\/09\/thumbnail_Logo-DPO-Associates-negatief-zwart-negatief-002.png\",\"contentUrl\":\"https:\/\/dpoassociates.eu\/wp-content\/uploads\/2022\/09\/thumbnail_Logo-DPO-Associates-negatief-zwart-negatief-002.png\",\"width\":651,\"height\":651,\"caption\":\"DPO Associates\"},\"image\":{\"@id\":\"https:\/\/dpoassociates.eu\/fr\/#\/schema\/logo\/image\/\"},\"sameAs\":[\"https:\/\/www.facebook.com\/profile.php?id=100083400514207\",\"https:\/\/www.linkedin.com\/company\/dpo-associates-da\/\"]},{\"@type\":\"Person\",\"@id\":\"https:\/\/dpoassociates.eu\/fr\/#\/schema\/person\/302a15bf9c51c524d89cb526c22ab649\",\"name\":\"admin\",\"image\":{\"@type\":\"ImageObject\",\"inLanguage\":\"fr-FR\",\"@id\":\"https:\/\/secure.gravatar.com\/avatar\/0b13c3c7ec36f7f3c24ceeed82ac5a11ac7dd5c84b337f0a962c2cf227bd86d3?s=96&d=mm&r=g\",\"url\":\"https:\/\/secure.gravatar.com\/avatar\/0b13c3c7ec36f7f3c24ceeed82ac5a11ac7dd5c84b337f0a962c2cf227bd86d3?s=96&d=mm&r=g\",\"contentUrl\":\"https:\/\/secure.gravatar.com\/avatar\/0b13c3c7ec36f7f3c24ceeed82ac5a11ac7dd5c84b337f0a962c2cf227bd86d3?s=96&d=mm&r=g\",\"caption\":\"admin\"},\"sameAs\":[\"https:\/\/dpoassociates.eu\"],\"url\":\"https:\/\/dpoassociates.eu\/fr\/author\/admin\/\"}]}<\/script>\n<!-- \/ Yoast SEO Premium plugin. -->","yoast_head_json":{"title":"Menace invisible pour la vie priv\u00e9e","description":"D\u00e9couvrez l'impact de la directive \"vie priv\u00e9e et communications \u00e9lectroniques\" sur la protection des donn\u00e9es. D\u00e9couvrez comment le r\u00e8glement AVG et le r\u00e8glement ePrivacy r\u00e9glementent le consentement \u00e0 la collecte et au traitement des donn\u00e9es.","robots":{"index":"index","follow":"follow","max-snippet":"max-snippet:-1","max-image-preview":"max-image-preview:large","max-video-preview":"max-video-preview:-1"},"canonical":"https:\/\/dpoassociates.eu\/fr\/une-menace-invisible-pour-la-vie-privee\/","og_locale":"fr_FR","og_type":"article","og_title":"Une menace invisible pour la vie priv\u00e9e","og_description":"D\u00e9couvrez l'impact de la directive \"vie priv\u00e9e et communications \u00e9lectroniques\" sur la protection des donn\u00e9es. D\u00e9couvrez comment le r\u00e8glement AVG et le r\u00e8glement ePrivacy r\u00e9glementent le consentement \u00e0 la collecte et au traitement des donn\u00e9es.","og_url":"https:\/\/dpoassociates.eu\/fr\/une-menace-invisible-pour-la-vie-privee\/","og_site_name":"DPO Associates","article_publisher":"https:\/\/www.facebook.com\/profile.php?id=100083400514207","article_published_time":"2024-06-17T11:51:56+00:00","article_modified_time":"2025-02-27T13:30:56+00:00","og_image":[{"width":1080,"height":1080,"url":"https:\/\/dpoassociates.eu\/wp-content\/uploads\/2024\/06\/Tussentitel-toevoegen-5.png","type":"image\/png"}],"author":"admin","twitter_card":"summary_large_image","twitter_misc":{"\u00c9crit par":"admin","Dur\u00e9e de lecture estim\u00e9e":"4 minutes"},"schema":{"@context":"https:\/\/schema.org","@graph":[{"@type":"Article","@id":"https:\/\/dpoassociates.eu\/fr\/une-menace-invisible-pour-la-vie-privee\/#article","isPartOf":{"@id":"https:\/\/dpoassociates.eu\/fr\/une-menace-invisible-pour-la-vie-privee\/"},"author":{"name":"admin","@id":"https:\/\/dpoassociates.eu\/fr\/#\/schema\/person\/302a15bf9c51c524d89cb526c22ab649"},"headline":"Une menace invisible pour la vie priv\u00e9e","datePublished":"2024-06-17T11:51:56+00:00","dateModified":"2025-02-27T13:30:56+00:00","mainEntityOfPage":{"@id":"https:\/\/dpoassociates.eu\/fr\/une-menace-invisible-pour-la-vie-privee\/"},"wordCount":871,"publisher":{"@id":"https:\/\/dpoassociates.eu\/fr\/#organization"},"image":{"@id":"https:\/\/dpoassociates.eu\/fr\/une-menace-invisible-pour-la-vie-privee\/#primaryimage"},"thumbnailUrl":"https:\/\/dpoassociates.eu\/wp-content\/uploads\/2024\/06\/Tussentitel-toevoegen-5.png","articleSection":["G\u00e9n\u00e9ral","Non classifi\u00e9(e)"],"inLanguage":"fr-FR"},{"@type":"WebPage","@id":"https:\/\/dpoassociates.eu\/fr\/une-menace-invisible-pour-la-vie-privee\/","url":"https:\/\/dpoassociates.eu\/fr\/une-menace-invisible-pour-la-vie-privee\/","name":"Menace invisible pour la vie priv\u00e9e","isPartOf":{"@id":"https:\/\/dpoassociates.eu\/fr\/#website"},"primaryImageOfPage":{"@id":"https:\/\/dpoassociates.eu\/fr\/une-menace-invisible-pour-la-vie-privee\/#primaryimage"},"image":{"@id":"https:\/\/dpoassociates.eu\/fr\/une-menace-invisible-pour-la-vie-privee\/#primaryimage"},"thumbnailUrl":"https:\/\/dpoassociates.eu\/wp-content\/uploads\/2024\/06\/Tussentitel-toevoegen-5.png","datePublished":"2024-06-17T11:51:56+00:00","dateModified":"2025-02-27T13:30:56+00:00","description":"D\u00e9couvrez l'impact de la directive \"vie priv\u00e9e et communications \u00e9lectroniques\" sur la protection des donn\u00e9es. D\u00e9couvrez comment le r\u00e8glement AVG et le r\u00e8glement ePrivacy r\u00e9glementent le consentement \u00e0 la collecte et au traitement des donn\u00e9es.","breadcrumb":{"@id":"https:\/\/dpoassociates.eu\/fr\/une-menace-invisible-pour-la-vie-privee\/#breadcrumb"},"inLanguage":"fr-FR","potentialAction":[{"@type":"ReadAction","target":["https:\/\/dpoassociates.eu\/fr\/une-menace-invisible-pour-la-vie-privee\/"]}]},{"@type":"ImageObject","inLanguage":"fr-FR","@id":"https:\/\/dpoassociates.eu\/fr\/une-menace-invisible-pour-la-vie-privee\/#primaryimage","url":"https:\/\/dpoassociates.eu\/wp-content\/uploads\/2024\/06\/Tussentitel-toevoegen-5.png","contentUrl":"https:\/\/dpoassociates.eu\/wp-content\/uploads\/2024\/06\/Tussentitel-toevoegen-5.png","width":1080,"height":1080,"caption":"Onzichtbare Bedreiging Voor Privacy"},{"@type":"BreadcrumbList","@id":"https:\/\/dpoassociates.eu\/fr\/une-menace-invisible-pour-la-vie-privee\/#breadcrumb","itemListElement":[{"@type":"ListItem","position":1,"name":"Home","item":"https:\/\/dpoassociates.eu\/fr\/"},{"@type":"ListItem","position":2,"name":"Une menace invisible pour la vie priv\u00e9e"}]},{"@type":"WebSite","@id":"https:\/\/dpoassociates.eu\/fr\/#website","url":"https:\/\/dpoassociates.eu\/fr\/","name":"DPO Associates","description":"Protect, Detect, Respond","publisher":{"@id":"https:\/\/dpoassociates.eu\/fr\/#organization"},"potentialAction":[{"@type":"SearchAction","target":{"@type":"EntryPoint","urlTemplate":"https:\/\/dpoassociates.eu\/fr\/?s={search_term_string}"},"query-input":{"@type":"PropertyValueSpecification","valueRequired":true,"valueName":"search_term_string"}}],"inLanguage":"fr-FR"},{"@type":"Organization","@id":"https:\/\/dpoassociates.eu\/fr\/#organization","name":"DPO Associates","url":"https:\/\/dpoassociates.eu\/fr\/","logo":{"@type":"ImageObject","inLanguage":"fr-FR","@id":"https:\/\/dpoassociates.eu\/fr\/#\/schema\/logo\/image\/","url":"https:\/\/dpoassociates.eu\/wp-content\/uploads\/2022\/09\/thumbnail_Logo-DPO-Associates-negatief-zwart-negatief-002.png","contentUrl":"https:\/\/dpoassociates.eu\/wp-content\/uploads\/2022\/09\/thumbnail_Logo-DPO-Associates-negatief-zwart-negatief-002.png","width":651,"height":651,"caption":"DPO Associates"},"image":{"@id":"https:\/\/dpoassociates.eu\/fr\/#\/schema\/logo\/image\/"},"sameAs":["https:\/\/www.facebook.com\/profile.php?id=100083400514207","https:\/\/www.linkedin.com\/company\/dpo-associates-da\/"]},{"@type":"Person","@id":"https:\/\/dpoassociates.eu\/fr\/#\/schema\/person\/302a15bf9c51c524d89cb526c22ab649","name":"admin","image":{"@type":"ImageObject","inLanguage":"fr-FR","@id":"https:\/\/secure.gravatar.com\/avatar\/0b13c3c7ec36f7f3c24ceeed82ac5a11ac7dd5c84b337f0a962c2cf227bd86d3?s=96&d=mm&r=g","url":"https:\/\/secure.gravatar.com\/avatar\/0b13c3c7ec36f7f3c24ceeed82ac5a11ac7dd5c84b337f0a962c2cf227bd86d3?s=96&d=mm&r=g","contentUrl":"https:\/\/secure.gravatar.com\/avatar\/0b13c3c7ec36f7f3c24ceeed82ac5a11ac7dd5c84b337f0a962c2cf227bd86d3?s=96&d=mm&r=g","caption":"admin"},"sameAs":["https:\/\/dpoassociates.eu"],"url":"https:\/\/dpoassociates.eu\/fr\/author\/admin\/"}]}},"_links":{"self":[{"href":"https:\/\/dpoassociates.eu\/fr\/wp-json\/wp\/v2\/posts\/16295","targetHints":{"allow":["GET"]}}],"collection":[{"href":"https:\/\/dpoassociates.eu\/fr\/wp-json\/wp\/v2\/posts"}],"about":[{"href":"https:\/\/dpoassociates.eu\/fr\/wp-json\/wp\/v2\/types\/post"}],"author":[{"embeddable":true,"href":"https:\/\/dpoassociates.eu\/fr\/wp-json\/wp\/v2\/users\/1"}],"replies":[{"embeddable":true,"href":"https:\/\/dpoassociates.eu\/fr\/wp-json\/wp\/v2\/comments?post=16295"}],"version-history":[{"count":1,"href":"https:\/\/dpoassociates.eu\/fr\/wp-json\/wp\/v2\/posts\/16295\/revisions"}],"predecessor-version":[{"id":19764,"href":"https:\/\/dpoassociates.eu\/fr\/wp-json\/wp\/v2\/posts\/16295\/revisions\/19764"}],"wp:featuredmedia":[{"embeddable":true,"href":"https:\/\/dpoassociates.eu\/fr\/wp-json\/wp\/v2\/media\/16291"}],"wp:attachment":[{"href":"https:\/\/dpoassociates.eu\/fr\/wp-json\/wp\/v2\/media?parent=16295"}],"wp:term":[{"taxonomy":"category","embeddable":true,"href":"https:\/\/dpoassociates.eu\/fr\/wp-json\/wp\/v2\/categories?post=16295"},{"taxonomy":"post_tag","embeddable":true,"href":"https:\/\/dpoassociates.eu\/fr\/wp-json\/wp\/v2\/tags?post=16295"}],"curies":[{"name":"wp","href":"https:\/\/api.w.org\/{rel}","templated":true}]}}