{"id":15488,"date":"2024-03-25T09:33:18","date_gmt":"2024-03-25T09:33:18","guid":{"rendered":"https:\/\/dpoassociates.eu\/lavenir-de-la-protection-des-donnees\/"},"modified":"2025-02-27T14:31:02","modified_gmt":"2025-02-27T13:31:02","slug":"lavenir-de-la-protection-des-donnees","status":"publish","type":"post","link":"https:\/\/dpoassociates.eu\/fr\/lavenir-de-la-protection-des-donnees\/","title":{"rendered":"L&rsquo;avenir de la protection des donn\u00e9es"},"content":{"rendered":"\t\t<div data-elementor-type=\"wp-post\" data-elementor-id=\"15488\" class=\"elementor elementor-15488 elementor-15476\" data-elementor-post-type=\"post\">\n\t\t\t\t\t\t<section class=\"elementor-section elementor-top-section elementor-element elementor-element-5abc51d elementor-section-boxed elementor-section-height-default elementor-section-height-default\" data-id=\"5abc51d\" data-element_type=\"section\" data-e-type=\"section\">\n\t\t\t\t\t\t<div class=\"elementor-container elementor-column-gap-default\">\n\t\t\t\t\t<div class=\"elementor-column elementor-col-100 elementor-top-column elementor-element elementor-element-8254ee8\" data-id=\"8254ee8\" data-element_type=\"column\" data-e-type=\"column\">\n\t\t\t<div class=\"elementor-widget-wrap elementor-element-populated\">\n\t\t\t\t\t\t<div class=\"elementor-element elementor-element-0b41f04 elementor-widget elementor-widget-text-editor\" data-id=\"0b41f04\" data-element_type=\"widget\" data-e-type=\"widget\" data-widget_type=\"text-editor.default\">\n\t\t\t\t<div class=\"elementor-widget-container\">\n\t\t\t\t\t\t\t\t\t<h3><strong><em>Introduction :<\/em><\/strong><\/h3><p>Depuis sa mise en \u0153uvre en 2018, le r\u00e8glement g\u00e9n\u00e9ral sur la protection des donn\u00e9es (RGPD) a eu un impact significatif sur la mani\u00e8re dont les organisations du monde entier collectent, utilisent et prot\u00e8gent les donn\u00e9es. Le GDPR n&rsquo;a pas seulement conduit \u00e0 des exigences de conformit\u00e9 plus strictes, mais a \u00e9galement \u00e9t\u00e9 un catalyseur de changement et d&rsquo;innovation dans la protection des donn\u00e9es. Dans ce blog, nous examinons l&rsquo;\u00e9volution de la protection des donn\u00e9es influenc\u00e9e par le GDPR et explorons les tendances et pr\u00e9dictions futures qui fa\u00e7onneront le paysage.<\/p><h4><strong><em>1. Impact du GDPR :<\/em> <\/strong><\/h4><p>Depuis l&rsquo;introduction du GDPR, les organisations du monde entier ont d\u00fb revoir et adapter leurs pratiques en mati\u00e8re de protection des donn\u00e9es pour r\u00e9pondre aux normes strictes de conformit\u00e9. Le GDPR a entra\u00een\u00e9 une plus grande sensibilisation \u00e0 la confidentialit\u00e9 des donn\u00e9es, une augmentation des investissements dans les technologies de protection des donn\u00e9es et un changement dans la mani\u00e8re dont les consommateurs exercent leurs droits en mati\u00e8re de confidentialit\u00e9.<\/p><h4><strong><em>2. Tendances \u00e9mergentes :<\/em> <\/strong><\/h4><p>a. Technologies de renforcement de la protection de la vie priv\u00e9e (PET) : Les technologies renfor\u00e7ant la protection de la vie priv\u00e9e, telles que le cryptage, l&rsquo;anonymisation et les technologies de registres distribu\u00e9s, devraient jouer un r\u00f4le central dans la protection des donn\u00e9es. Ces technologies permettent aux organisations de prot\u00e9ger les donn\u00e9es tout en garantissant le respect de la vie priv\u00e9e des personnes.  <\/p><p>b. Nouvelles r\u00e9glementations en mati\u00e8re de protection de la vie priv\u00e9e : outre le GDPR, de nouvelles r\u00e9glementations en mati\u00e8re de protection de la vie priv\u00e9e devraient voir le jour aux niveaux national et r\u00e9gional. Ces r\u00e8glements se concentreront sur des aspects sp\u00e9cifiques de la protection des donn\u00e9es et rendront la conformit\u00e9 encore plus complexe pour les organisations op\u00e9rant \u00e0 l&rsquo;\u00e9chelle mondiale.<\/p><p>c. \u00c9thique des donn\u00e9es et respect de la vie priv\u00e9e d\u00e8s la conception : les organisations accorderont une importance croissante \u00e0 l&rsquo;\u00e9thique des donn\u00e9es et \u00e0 l&rsquo;int\u00e9gration des consid\u00e9rations relatives au respect de la vie priv\u00e9e dans tous les aspects du d\u00e9veloppement de produits et des pratiques commerciales. Le respect de la vie priv\u00e9e d\u00e8s la conception deviendra la norme, l&rsquo;accent \u00e9tant mis sur la minimisation de la collecte de donn\u00e9es, la transparence et le contr\u00f4le par l&rsquo;utilisateur.<\/p><h4><strong><em>3. Pr\u00e9dictions pour l&rsquo;avenir :<\/em><\/strong><\/h4><p>a. Une application plus stricte : l&rsquo;application du GDPR devrait augmenter, avec des amendes plus s\u00e9v\u00e8res pour les organisations qui enfreignent les r\u00e9glementations. Les autorit\u00e9s de contr\u00f4le deviendront plus proactives dans l&rsquo;application de la conformit\u00e9 et le traitement des violations de la protection des donn\u00e9es.  <\/p><p>b. Innovation technologique : L&rsquo;innovation technologique continuera \u00e0 prosp\u00e9rer dans le paysage de la protection des donn\u00e9es, avec de nouvelles solutions ax\u00e9es sur l&rsquo;am\u00e9lioration de la protection des donn\u00e9es, la d\u00e9tection des violations et la r\u00e9ponse aux incidents.  <\/p><p>c. Normalisation mondiale : Il y aura une plus grande convergence entre les diff\u00e9rentes r\u00e9glementations en mati\u00e8re de protection de la vie priv\u00e9e dans le monde, avec une tendance vers des normes et des exigences plus coh\u00e9rentes pour la protection des donn\u00e9es \u00e0 travers les fronti\u00e8res.<\/p><h4><strong><em>4. \u00c9tapes pratiques pour les organisations :<\/em> <\/strong><\/h4><p>Pour se pr\u00e9parer \u00e0 l&rsquo;avenir de la protection des donn\u00e9es, les organisations doivent prendre des mesures proactives :<\/p><ul><li>Investir dans des technologies qui renforcent la protection de la vie priv\u00e9e et mettre en place une infrastructure solide de protection des donn\u00e9es.<\/li><li>Assurer une formation continue et une sensibilisation \u00e0 la protection de la vie priv\u00e9e au sein de l&rsquo;organisation.<\/li><li>Travailler avec les autorit\u00e9s de contr\u00f4le et les groupes industriels pour partager et promouvoir les meilleures pratiques en mati\u00e8re de protection des donn\u00e9es.<\/li><\/ul><h3><strong><em>Conclusion :<\/em> <\/strong><\/h3><p>Le GDPR a eu un impact durable sur le paysage de la protection des donn\u00e9es et devrait continuer \u00e0 stimuler le changement et l&rsquo;innovation dans ce domaine. En \u00e9tant conscientes des tendances et pr\u00e9dictions \u00e9mergentes et en prenant des mesures proactives, les organisations peuvent se pr\u00e9parer \u00e0 un avenir o\u00f9 la protection des donn\u00e9es jouera un r\u00f4le de plus en plus crucial \u00e0 l&rsquo;\u00e8re num\u00e9rique.<\/p><p>Proposer<span style=\"text-decoration: underline;\">\n  <strong><a href=\"https:\/\/dpoassociates.eu\/fr\/contact\/\"> D\u00e9signez ici un d\u00e9l\u00e9gu\u00e9 \u00e0 la protection des donn\u00e9es (DPD)<\/a> <\/strong>\n<\/span>pour vous guider dans le processus GDPR.<\/p>\t\t\t\t\t\t\t\t<\/div>\n\t\t\t\t<\/div>\n\t\t\t\t\t<\/div>\n\t\t<\/div>\n\t\t\t\t\t<\/div>\n\t\t<\/section>\n\t\t\t\t<\/div>\n\t\t","protected":false},"excerpt":{"rendered":"<p>Introduction : Depuis sa mise en \u0153uvre en 2018, le r\u00e8glement g\u00e9n\u00e9ral sur la protection des donn\u00e9es (RGPD) a eu un impact [&hellip;]<\/p>\n","protected":false},"author":1,"featured_media":15484,"comment_status":"closed","ping_status":"open","sticky":false,"template":"","format":"standard","meta":{"_eb_attr":"","footnotes":""},"categories":[139,60],"tags":[],"class_list":["post-15488","post","type-post","status-publish","format-standard","has-post-thumbnail","hentry","category-general-fr","category-non-classifiee"],"yoast_head":"<!-- This site is optimized with the Yoast SEO Premium plugin v25.8 (Yoast SEO v27.2) - https:\/\/yoast.com\/product\/yoast-seo-premium-wordpress\/ -->\n<title>L&#039;avenir de la protection des donn\u00e9es - DPO Associates<\/title>\n<meta name=\"description\" content=\"D\u00e9couvrez l&#039;avenir de la protection des donn\u00e9es influenc\u00e9 par le GDPR. Explorer les tendances et les pr\u00e9visions qui fa\u00e7onneront le paysage.\" \/>\n<meta name=\"robots\" content=\"index, follow, max-snippet:-1, max-image-preview:large, max-video-preview:-1\" \/>\n<link rel=\"canonical\" href=\"https:\/\/dpoassociates.eu\/fr\/lavenir-de-la-protection-des-donnees\/\" \/>\n<meta property=\"og:locale\" content=\"fr_FR\" \/>\n<meta property=\"og:type\" content=\"article\" \/>\n<meta property=\"og:title\" content=\"L&#039;avenir de la protection des donn\u00e9es\" \/>\n<meta property=\"og:description\" content=\"D\u00e9couvrez l&#039;avenir de la protection des donn\u00e9es influenc\u00e9 par le GDPR. Explorer les tendances et les pr\u00e9visions qui fa\u00e7onneront le paysage.\" \/>\n<meta property=\"og:url\" content=\"https:\/\/dpoassociates.eu\/fr\/lavenir-de-la-protection-des-donnees\/\" \/>\n<meta property=\"og:site_name\" content=\"DPO Associates\" \/>\n<meta property=\"article:publisher\" content=\"https:\/\/www.facebook.com\/profile.php?id=100083400514207\" \/>\n<meta property=\"article:published_time\" content=\"2024-03-25T09:33:18+00:00\" \/>\n<meta property=\"article:modified_time\" content=\"2025-02-27T13:31:02+00:00\" \/>\n<meta property=\"og:image\" content=\"https:\/\/dpoassociates.eu\/wp-content\/uploads\/2024\/03\/Ontwerp-zonder-titel-14.png\" \/>\n\t<meta property=\"og:image:width\" content=\"1080\" \/>\n\t<meta property=\"og:image:height\" content=\"1080\" \/>\n\t<meta property=\"og:image:type\" content=\"image\/png\" \/>\n<meta name=\"author\" content=\"admin\" \/>\n<meta name=\"twitter:card\" content=\"summary_large_image\" \/>\n<meta name=\"twitter:label1\" content=\"\u00c9crit par\" \/>\n\t<meta name=\"twitter:data1\" content=\"admin\" \/>\n\t<meta name=\"twitter:label2\" content=\"Dur\u00e9e de lecture estim\u00e9e\" \/>\n\t<meta name=\"twitter:data2\" content=\"4 minutes\" \/>\n<script type=\"application\/ld+json\" class=\"yoast-schema-graph\">{\"@context\":\"https:\/\/schema.org\",\"@graph\":[{\"@type\":\"Article\",\"@id\":\"https:\/\/dpoassociates.eu\/fr\/lavenir-de-la-protection-des-donnees\/#article\",\"isPartOf\":{\"@id\":\"https:\/\/dpoassociates.eu\/fr\/lavenir-de-la-protection-des-donnees\/\"},\"author\":{\"name\":\"admin\",\"@id\":\"https:\/\/dpoassociates.eu\/fr\/#\/schema\/person\/302a15bf9c51c524d89cb526c22ab649\"},\"headline\":\"L&rsquo;avenir de la protection des donn\u00e9es\",\"datePublished\":\"2024-03-25T09:33:18+00:00\",\"dateModified\":\"2025-02-27T13:31:02+00:00\",\"mainEntityOfPage\":{\"@id\":\"https:\/\/dpoassociates.eu\/fr\/lavenir-de-la-protection-des-donnees\/\"},\"wordCount\":769,\"publisher\":{\"@id\":\"https:\/\/dpoassociates.eu\/fr\/#organization\"},\"image\":{\"@id\":\"https:\/\/dpoassociates.eu\/fr\/lavenir-de-la-protection-des-donnees\/#primaryimage\"},\"thumbnailUrl\":\"https:\/\/dpoassociates.eu\/wp-content\/uploads\/2024\/03\/Ontwerp-zonder-titel-14.png\",\"articleSection\":[\"G\u00e9n\u00e9ral\",\"Non classifi\u00e9(e)\"],\"inLanguage\":\"fr-FR\"},{\"@type\":\"WebPage\",\"@id\":\"https:\/\/dpoassociates.eu\/fr\/lavenir-de-la-protection-des-donnees\/\",\"url\":\"https:\/\/dpoassociates.eu\/fr\/lavenir-de-la-protection-des-donnees\/\",\"name\":\"L'avenir de la protection des donn\u00e9es - DPO Associates\",\"isPartOf\":{\"@id\":\"https:\/\/dpoassociates.eu\/fr\/#website\"},\"primaryImageOfPage\":{\"@id\":\"https:\/\/dpoassociates.eu\/fr\/lavenir-de-la-protection-des-donnees\/#primaryimage\"},\"image\":{\"@id\":\"https:\/\/dpoassociates.eu\/fr\/lavenir-de-la-protection-des-donnees\/#primaryimage\"},\"thumbnailUrl\":\"https:\/\/dpoassociates.eu\/wp-content\/uploads\/2024\/03\/Ontwerp-zonder-titel-14.png\",\"datePublished\":\"2024-03-25T09:33:18+00:00\",\"dateModified\":\"2025-02-27T13:31:02+00:00\",\"description\":\"D\u00e9couvrez l'avenir de la protection des donn\u00e9es influenc\u00e9 par le GDPR. Explorer les tendances et les pr\u00e9visions qui fa\u00e7onneront le paysage.\",\"breadcrumb\":{\"@id\":\"https:\/\/dpoassociates.eu\/fr\/lavenir-de-la-protection-des-donnees\/#breadcrumb\"},\"inLanguage\":\"fr-FR\",\"potentialAction\":[{\"@type\":\"ReadAction\",\"target\":[\"https:\/\/dpoassociates.eu\/fr\/lavenir-de-la-protection-des-donnees\/\"]}]},{\"@type\":\"ImageObject\",\"inLanguage\":\"fr-FR\",\"@id\":\"https:\/\/dpoassociates.eu\/fr\/lavenir-de-la-protection-des-donnees\/#primaryimage\",\"url\":\"https:\/\/dpoassociates.eu\/wp-content\/uploads\/2024\/03\/Ontwerp-zonder-titel-14.png\",\"contentUrl\":\"https:\/\/dpoassociates.eu\/wp-content\/uploads\/2024\/03\/Ontwerp-zonder-titel-14.png\",\"width\":1080,\"height\":1080,\"caption\":\"de toekomst van GDPR\"},{\"@type\":\"BreadcrumbList\",\"@id\":\"https:\/\/dpoassociates.eu\/fr\/lavenir-de-la-protection-des-donnees\/#breadcrumb\",\"itemListElement\":[{\"@type\":\"ListItem\",\"position\":1,\"name\":\"Home\",\"item\":\"https:\/\/dpoassociates.eu\/fr\/\"},{\"@type\":\"ListItem\",\"position\":2,\"name\":\"L&#8217;avenir de la protection des donn\u00e9es\"}]},{\"@type\":\"WebSite\",\"@id\":\"https:\/\/dpoassociates.eu\/fr\/#website\",\"url\":\"https:\/\/dpoassociates.eu\/fr\/\",\"name\":\"DPO Associates\",\"description\":\"Protect, Detect, Respond\",\"publisher\":{\"@id\":\"https:\/\/dpoassociates.eu\/fr\/#organization\"},\"potentialAction\":[{\"@type\":\"SearchAction\",\"target\":{\"@type\":\"EntryPoint\",\"urlTemplate\":\"https:\/\/dpoassociates.eu\/fr\/?s={search_term_string}\"},\"query-input\":{\"@type\":\"PropertyValueSpecification\",\"valueRequired\":true,\"valueName\":\"search_term_string\"}}],\"inLanguage\":\"fr-FR\"},{\"@type\":\"Organization\",\"@id\":\"https:\/\/dpoassociates.eu\/fr\/#organization\",\"name\":\"DPO Associates\",\"url\":\"https:\/\/dpoassociates.eu\/fr\/\",\"logo\":{\"@type\":\"ImageObject\",\"inLanguage\":\"fr-FR\",\"@id\":\"https:\/\/dpoassociates.eu\/fr\/#\/schema\/logo\/image\/\",\"url\":\"https:\/\/dpoassociates.eu\/wp-content\/uploads\/2022\/09\/thumbnail_Logo-DPO-Associates-negatief-zwart-negatief-002.png\",\"contentUrl\":\"https:\/\/dpoassociates.eu\/wp-content\/uploads\/2022\/09\/thumbnail_Logo-DPO-Associates-negatief-zwart-negatief-002.png\",\"width\":651,\"height\":651,\"caption\":\"DPO Associates\"},\"image\":{\"@id\":\"https:\/\/dpoassociates.eu\/fr\/#\/schema\/logo\/image\/\"},\"sameAs\":[\"https:\/\/www.facebook.com\/profile.php?id=100083400514207\",\"https:\/\/www.linkedin.com\/company\/dpo-associates-da\/\"]},{\"@type\":\"Person\",\"@id\":\"https:\/\/dpoassociates.eu\/fr\/#\/schema\/person\/302a15bf9c51c524d89cb526c22ab649\",\"name\":\"admin\",\"image\":{\"@type\":\"ImageObject\",\"inLanguage\":\"fr-FR\",\"@id\":\"https:\/\/secure.gravatar.com\/avatar\/0b13c3c7ec36f7f3c24ceeed82ac5a11ac7dd5c84b337f0a962c2cf227bd86d3?s=96&d=mm&r=g\",\"url\":\"https:\/\/secure.gravatar.com\/avatar\/0b13c3c7ec36f7f3c24ceeed82ac5a11ac7dd5c84b337f0a962c2cf227bd86d3?s=96&d=mm&r=g\",\"contentUrl\":\"https:\/\/secure.gravatar.com\/avatar\/0b13c3c7ec36f7f3c24ceeed82ac5a11ac7dd5c84b337f0a962c2cf227bd86d3?s=96&d=mm&r=g\",\"caption\":\"admin\"},\"sameAs\":[\"https:\/\/dpoassociates.eu\"],\"url\":\"https:\/\/dpoassociates.eu\/fr\/author\/admin\/\"}]}<\/script>\n<!-- \/ Yoast SEO Premium plugin. -->","yoast_head_json":{"title":"L'avenir de la protection des donn\u00e9es - DPO Associates","description":"D\u00e9couvrez l'avenir de la protection des donn\u00e9es influenc\u00e9 par le GDPR. Explorer les tendances et les pr\u00e9visions qui fa\u00e7onneront le paysage.","robots":{"index":"index","follow":"follow","max-snippet":"max-snippet:-1","max-image-preview":"max-image-preview:large","max-video-preview":"max-video-preview:-1"},"canonical":"https:\/\/dpoassociates.eu\/fr\/lavenir-de-la-protection-des-donnees\/","og_locale":"fr_FR","og_type":"article","og_title":"L'avenir de la protection des donn\u00e9es","og_description":"D\u00e9couvrez l'avenir de la protection des donn\u00e9es influenc\u00e9 par le GDPR. Explorer les tendances et les pr\u00e9visions qui fa\u00e7onneront le paysage.","og_url":"https:\/\/dpoassociates.eu\/fr\/lavenir-de-la-protection-des-donnees\/","og_site_name":"DPO Associates","article_publisher":"https:\/\/www.facebook.com\/profile.php?id=100083400514207","article_published_time":"2024-03-25T09:33:18+00:00","article_modified_time":"2025-02-27T13:31:02+00:00","og_image":[{"width":1080,"height":1080,"url":"https:\/\/dpoassociates.eu\/wp-content\/uploads\/2024\/03\/Ontwerp-zonder-titel-14.png","type":"image\/png"}],"author":"admin","twitter_card":"summary_large_image","twitter_misc":{"\u00c9crit par":"admin","Dur\u00e9e de lecture estim\u00e9e":"4 minutes"},"schema":{"@context":"https:\/\/schema.org","@graph":[{"@type":"Article","@id":"https:\/\/dpoassociates.eu\/fr\/lavenir-de-la-protection-des-donnees\/#article","isPartOf":{"@id":"https:\/\/dpoassociates.eu\/fr\/lavenir-de-la-protection-des-donnees\/"},"author":{"name":"admin","@id":"https:\/\/dpoassociates.eu\/fr\/#\/schema\/person\/302a15bf9c51c524d89cb526c22ab649"},"headline":"L&rsquo;avenir de la protection des donn\u00e9es","datePublished":"2024-03-25T09:33:18+00:00","dateModified":"2025-02-27T13:31:02+00:00","mainEntityOfPage":{"@id":"https:\/\/dpoassociates.eu\/fr\/lavenir-de-la-protection-des-donnees\/"},"wordCount":769,"publisher":{"@id":"https:\/\/dpoassociates.eu\/fr\/#organization"},"image":{"@id":"https:\/\/dpoassociates.eu\/fr\/lavenir-de-la-protection-des-donnees\/#primaryimage"},"thumbnailUrl":"https:\/\/dpoassociates.eu\/wp-content\/uploads\/2024\/03\/Ontwerp-zonder-titel-14.png","articleSection":["G\u00e9n\u00e9ral","Non classifi\u00e9(e)"],"inLanguage":"fr-FR"},{"@type":"WebPage","@id":"https:\/\/dpoassociates.eu\/fr\/lavenir-de-la-protection-des-donnees\/","url":"https:\/\/dpoassociates.eu\/fr\/lavenir-de-la-protection-des-donnees\/","name":"L'avenir de la protection des donn\u00e9es - DPO Associates","isPartOf":{"@id":"https:\/\/dpoassociates.eu\/fr\/#website"},"primaryImageOfPage":{"@id":"https:\/\/dpoassociates.eu\/fr\/lavenir-de-la-protection-des-donnees\/#primaryimage"},"image":{"@id":"https:\/\/dpoassociates.eu\/fr\/lavenir-de-la-protection-des-donnees\/#primaryimage"},"thumbnailUrl":"https:\/\/dpoassociates.eu\/wp-content\/uploads\/2024\/03\/Ontwerp-zonder-titel-14.png","datePublished":"2024-03-25T09:33:18+00:00","dateModified":"2025-02-27T13:31:02+00:00","description":"D\u00e9couvrez l'avenir de la protection des donn\u00e9es influenc\u00e9 par le GDPR. Explorer les tendances et les pr\u00e9visions qui fa\u00e7onneront le paysage.","breadcrumb":{"@id":"https:\/\/dpoassociates.eu\/fr\/lavenir-de-la-protection-des-donnees\/#breadcrumb"},"inLanguage":"fr-FR","potentialAction":[{"@type":"ReadAction","target":["https:\/\/dpoassociates.eu\/fr\/lavenir-de-la-protection-des-donnees\/"]}]},{"@type":"ImageObject","inLanguage":"fr-FR","@id":"https:\/\/dpoassociates.eu\/fr\/lavenir-de-la-protection-des-donnees\/#primaryimage","url":"https:\/\/dpoassociates.eu\/wp-content\/uploads\/2024\/03\/Ontwerp-zonder-titel-14.png","contentUrl":"https:\/\/dpoassociates.eu\/wp-content\/uploads\/2024\/03\/Ontwerp-zonder-titel-14.png","width":1080,"height":1080,"caption":"de toekomst van GDPR"},{"@type":"BreadcrumbList","@id":"https:\/\/dpoassociates.eu\/fr\/lavenir-de-la-protection-des-donnees\/#breadcrumb","itemListElement":[{"@type":"ListItem","position":1,"name":"Home","item":"https:\/\/dpoassociates.eu\/fr\/"},{"@type":"ListItem","position":2,"name":"L&#8217;avenir de la protection des donn\u00e9es"}]},{"@type":"WebSite","@id":"https:\/\/dpoassociates.eu\/fr\/#website","url":"https:\/\/dpoassociates.eu\/fr\/","name":"DPO Associates","description":"Protect, Detect, Respond","publisher":{"@id":"https:\/\/dpoassociates.eu\/fr\/#organization"},"potentialAction":[{"@type":"SearchAction","target":{"@type":"EntryPoint","urlTemplate":"https:\/\/dpoassociates.eu\/fr\/?s={search_term_string}"},"query-input":{"@type":"PropertyValueSpecification","valueRequired":true,"valueName":"search_term_string"}}],"inLanguage":"fr-FR"},{"@type":"Organization","@id":"https:\/\/dpoassociates.eu\/fr\/#organization","name":"DPO Associates","url":"https:\/\/dpoassociates.eu\/fr\/","logo":{"@type":"ImageObject","inLanguage":"fr-FR","@id":"https:\/\/dpoassociates.eu\/fr\/#\/schema\/logo\/image\/","url":"https:\/\/dpoassociates.eu\/wp-content\/uploads\/2022\/09\/thumbnail_Logo-DPO-Associates-negatief-zwart-negatief-002.png","contentUrl":"https:\/\/dpoassociates.eu\/wp-content\/uploads\/2022\/09\/thumbnail_Logo-DPO-Associates-negatief-zwart-negatief-002.png","width":651,"height":651,"caption":"DPO Associates"},"image":{"@id":"https:\/\/dpoassociates.eu\/fr\/#\/schema\/logo\/image\/"},"sameAs":["https:\/\/www.facebook.com\/profile.php?id=100083400514207","https:\/\/www.linkedin.com\/company\/dpo-associates-da\/"]},{"@type":"Person","@id":"https:\/\/dpoassociates.eu\/fr\/#\/schema\/person\/302a15bf9c51c524d89cb526c22ab649","name":"admin","image":{"@type":"ImageObject","inLanguage":"fr-FR","@id":"https:\/\/secure.gravatar.com\/avatar\/0b13c3c7ec36f7f3c24ceeed82ac5a11ac7dd5c84b337f0a962c2cf227bd86d3?s=96&d=mm&r=g","url":"https:\/\/secure.gravatar.com\/avatar\/0b13c3c7ec36f7f3c24ceeed82ac5a11ac7dd5c84b337f0a962c2cf227bd86d3?s=96&d=mm&r=g","contentUrl":"https:\/\/secure.gravatar.com\/avatar\/0b13c3c7ec36f7f3c24ceeed82ac5a11ac7dd5c84b337f0a962c2cf227bd86d3?s=96&d=mm&r=g","caption":"admin"},"sameAs":["https:\/\/dpoassociates.eu"],"url":"https:\/\/dpoassociates.eu\/fr\/author\/admin\/"}]}},"_links":{"self":[{"href":"https:\/\/dpoassociates.eu\/fr\/wp-json\/wp\/v2\/posts\/15488","targetHints":{"allow":["GET"]}}],"collection":[{"href":"https:\/\/dpoassociates.eu\/fr\/wp-json\/wp\/v2\/posts"}],"about":[{"href":"https:\/\/dpoassociates.eu\/fr\/wp-json\/wp\/v2\/types\/post"}],"author":[{"embeddable":true,"href":"https:\/\/dpoassociates.eu\/fr\/wp-json\/wp\/v2\/users\/1"}],"replies":[{"embeddable":true,"href":"https:\/\/dpoassociates.eu\/fr\/wp-json\/wp\/v2\/comments?post=15488"}],"version-history":[{"count":2,"href":"https:\/\/dpoassociates.eu\/fr\/wp-json\/wp\/v2\/posts\/15488\/revisions"}],"predecessor-version":[{"id":19788,"href":"https:\/\/dpoassociates.eu\/fr\/wp-json\/wp\/v2\/posts\/15488\/revisions\/19788"}],"wp:featuredmedia":[{"embeddable":true,"href":"https:\/\/dpoassociates.eu\/fr\/wp-json\/wp\/v2\/media\/15484"}],"wp:attachment":[{"href":"https:\/\/dpoassociates.eu\/fr\/wp-json\/wp\/v2\/media?parent=15488"}],"wp:term":[{"taxonomy":"category","embeddable":true,"href":"https:\/\/dpoassociates.eu\/fr\/wp-json\/wp\/v2\/categories?post=15488"},{"taxonomy":"post_tag","embeddable":true,"href":"https:\/\/dpoassociates.eu\/fr\/wp-json\/wp\/v2\/tags?post=15488"}],"curies":[{"name":"wp","href":"https:\/\/api.w.org\/{rel}","templated":true}]}}