{"id":15008,"date":"2024-01-26T10:22:59","date_gmt":"2024-01-26T10:22:59","guid":{"rendered":"https:\/\/dpoassociates.eu\/la-nouvelle-loi-europeenne-sur-les-donnees-prend-effet-a-partir-de-janvier-2024\/"},"modified":"2024-07-08T09:05:15","modified_gmt":"2024-07-08T09:05:15","slug":"la-nouvelle-loi-europeenne-sur-les-donnees-prend-effet-a-partir-de-janvier-2024","status":"publish","type":"post","link":"https:\/\/dpoassociates.eu\/fr\/la-nouvelle-loi-europeenne-sur-les-donnees-prend-effet-a-partir-de-janvier-2024\/","title":{"rendered":"La nouvelle loi europ\u00e9enne sur les donn\u00e9es prend effet \u00e0 partir de janvier 2024"},"content":{"rendered":"\t\t<div data-elementor-type=\"wp-post\" data-elementor-id=\"15008\" class=\"elementor elementor-15008 elementor-14996\" data-elementor-post-type=\"post\">\n\t\t\t\t\t\t<section class=\"elementor-section elementor-top-section elementor-element elementor-element-7ac46ad elementor-section-boxed elementor-section-height-default elementor-section-height-default\" data-id=\"7ac46ad\" data-element_type=\"section\" data-e-type=\"section\">\n\t\t\t\t\t\t<div class=\"elementor-container elementor-column-gap-default\">\n\t\t\t\t\t<div class=\"elementor-column elementor-col-100 elementor-top-column elementor-element elementor-element-ebba186\" data-id=\"ebba186\" data-element_type=\"column\" data-e-type=\"column\">\n\t\t\t<div class=\"elementor-widget-wrap elementor-element-populated\">\n\t\t\t\t\t\t<div class=\"elementor-element elementor-element-e635cae elementor-widget elementor-widget-text-editor\" data-id=\"e635cae\" data-element_type=\"widget\" data-e-type=\"widget\" data-widget_type=\"text-editor.default\">\n\t\t\t\t<div class=\"elementor-widget-container\">\n\t\t\t\t\t\t\t\t\t<h3 style=\"text-align: center;\" aria-level=\"1\"><strong><em>Introduction <\/em><\/strong><\/h3>\n<p style=\"text-align: center;\"><em>Dans le paysage en pleine mutation de la num\u00e9risation, l&rsquo;Union europ\u00e9enne a fait \u0153uvre de pionnier en mati\u00e8re de r\u00e9glementation des donn\u00e9es avec l&rsquo;introduction de la loi sur les donn\u00e9es.  <\/em><\/p>\n<p style=\"text-align: center;\"><em>Publi\u00e9e au journal officiel de l&rsquo;UE le 22 d\u00e9cembre 2023, la loi entrera en vigueur le 11 janvier 2024, ouvrant une nouvelle \u00e8re de r\u00e8gles harmonis\u00e9es pour l&rsquo;acc\u00e8s et l&rsquo;utilisation \u00e9quitables des donn\u00e9es.  <\/em><\/p>\n<p style=\"text-align: center;\"><em>Dans cet article de blog, nous examinons les principaux aspects et implications de la loi sur les donn\u00e9es, en mettant l&rsquo;accent sur ses principaux objectifs, son champ d&rsquo;application, ses obligations et son calendrier de mise en \u0153uvre.  <\/em><\/p>\n<p><span data-ccp-props=\"{}\"> <\/span><\/p>\n\t\t\t\t\t\t\t\t<\/div>\n\t\t\t\t<\/div>\n\t\t\t\t<div class=\"elementor-element elementor-element-76b8821 elementor-widget elementor-widget-image\" data-id=\"76b8821\" data-element_type=\"widget\" data-e-type=\"widget\" data-widget_type=\"image.default\">\n\t\t\t\t<div class=\"elementor-widget-container\">\n\t\t\t\t\t\t\t\t\t\t\t\t\t\t\t<img fetchpriority=\"high\" decoding=\"async\" width=\"300\" height=\"300\" src=\"https:\/\/dpoassociates.eu\/wp-content\/uploads\/2024\/01\/YOU-HAVE-BEEN-HACKED-3-300x300.png\" class=\"attachment-medium size-medium wp-image-15001\" alt=\"EU data act\" srcset=\"https:\/\/dpoassociates.eu\/wp-content\/uploads\/2024\/01\/YOU-HAVE-BEEN-HACKED-3-300x300.png 300w, https:\/\/dpoassociates.eu\/wp-content\/uploads\/2024\/01\/YOU-HAVE-BEEN-HACKED-3-1024x1024.png 1024w, https:\/\/dpoassociates.eu\/wp-content\/uploads\/2024\/01\/YOU-HAVE-BEEN-HACKED-3-150x150.png 150w, https:\/\/dpoassociates.eu\/wp-content\/uploads\/2024\/01\/YOU-HAVE-BEEN-HACKED-3-768x768.png 768w, https:\/\/dpoassociates.eu\/wp-content\/uploads\/2024\/01\/YOU-HAVE-BEEN-HACKED-3-650x650.png 650w, https:\/\/dpoassociates.eu\/wp-content\/uploads\/2024\/01\/YOU-HAVE-BEEN-HACKED-3.png 1080w\" sizes=\"(max-width: 300px) 100vw, 300px\" \/>\t\t\t\t\t\t\t\t\t\t\t\t\t\t\t<\/div>\n\t\t\t\t<\/div>\n\t\t\t\t\t<\/div>\n\t\t<\/div>\n\t\t\t\t\t<\/div>\n\t\t<\/section>\n\t\t\t\t<section class=\"elementor-section elementor-top-section elementor-element elementor-element-4b4b8ae elementor-section-boxed elementor-section-height-default elementor-section-height-default\" data-id=\"4b4b8ae\" data-element_type=\"section\" data-e-type=\"section\">\n\t\t\t\t\t\t<div class=\"elementor-container elementor-column-gap-default\">\n\t\t\t\t\t<div class=\"elementor-column elementor-col-100 elementor-top-column elementor-element elementor-element-30d58e2\" data-id=\"30d58e2\" data-element_type=\"column\" data-e-type=\"column\">\n\t\t\t<div class=\"elementor-widget-wrap elementor-element-populated\">\n\t\t\t\t\t\t<div class=\"elementor-element elementor-element-536dff9 elementor-widget elementor-widget-text-editor\" data-id=\"536dff9\" data-element_type=\"widget\" data-e-type=\"widget\" data-widget_type=\"text-editor.default\">\n\t\t\t\t<div class=\"elementor-widget-container\">\n\t\t\t\t\t\t\t\t\t<h4 aria-level=\"1\"><strong>Principaux objectifs et champ d&rsquo;application  <\/strong><\/h4>\n<p><span data-contrast=\"auto\">La loi sur les donn\u00e9es vise essentiellement \u00e0 r\u00e9glementer l&rsquo;acc\u00e8s et l&rsquo;utilisation des donn\u00e9es g\u00e9n\u00e9r\u00e9es au sein de l&rsquo;Union europ\u00e9enne. Les donn\u00e9es personnelles et non personnelles sont couvertes par le r\u00e8glement, qui se distingue du r\u00e8glement g\u00e9n\u00e9ral sur la protection des donn\u00e9es (RGPD) en se concentrant principalement sur les fonctionnalit\u00e9s des donn\u00e9es collect\u00e9es par les produits connect\u00e9s. Alors que le GDPR donne la priorit\u00e9 aux donn\u00e9es non personnelles, la loi sur les donn\u00e9es fournit des r\u00e8gles cruciales sur les garanties contre l&rsquo;acc\u00e8s et le transfert ill\u00e9gaux de ces donn\u00e9es par les gouvernements internationaux.<\/span><span data-ccp-props=\"{}\"> <\/span><span data-ccp-props=\"{}\"> <\/span><\/p>\n<p><em>L&rsquo;un des principaux objectifs de la r\u00e9glementation est de faciliter la transition sans heurts entre les fournisseurs de services de traitement des donn\u00e9es, afin de favoriser un environnement num\u00e9rique plus dynamique et plus comp\u00e9titif.  <\/em><\/p>\n<h4 aria-level=\"1\"><strong>Obligations  <\/strong><\/h4>\n<p><span data-contrast=\"auto\">Les fabricants et les prestataires de services sont d\u00e9sormais confront\u00e9s \u00e0 une s\u00e9rie d&rsquo;obligations en vertu de la loi sur les donn\u00e9es. Les utilisateurs devraient avoir un acc\u00e8s libre, des droits de r\u00e9utilisation et de partage des donn\u00e9es collect\u00e9es par le biais des produits et des services connexes. Pour ce faire, les produits et les services doivent \u00eatre con\u00e7us de mani\u00e8re \u00e0 ce que les utilisateurs puissent acc\u00e9der aux donn\u00e9es sans obstacles.<\/span><span data-ccp-props=\"{}\"> <\/span><\/p>\n<p><span data-contrast=\"auto\">En outre, les d\u00e9tenteurs de donn\u00e9es sont tenus de fournir des donn\u00e9es aux utilisateurs sur demande, et l&rsquo;acc\u00e8s \u00e0 des tiers doit \u00eatre accord\u00e9 \u00e0 la demande de l&rsquo;utilisateur ou lorsqu&rsquo;il existe une obligation l\u00e9gale. La loi souligne l&rsquo;importance de conditions \u00e9quitables, raisonnables et non discriminatoires pour la mise \u00e0 disposition de donn\u00e9es \u00e0 des tiers. La r\u00e9mun\u00e9ration de cet acc\u00e8s est d\u00e9termin\u00e9e par des facteurs tels que le co\u00fbt, l&rsquo;investissement, le volume, le format et la nature des donn\u00e9es.<\/span><span data-ccp-props=\"{}\"> <\/span><\/p>\n<p><span data-contrast=\"auto\">Le passage d&rsquo;un fournisseur de services en nuage \u00e0 un autre et \u00e0 d&rsquo;autres services de traitement des donn\u00e9es est \u00e9galement couvert par la loi sur les donn\u00e9es. Les clients devraient recevoir des conditions contractuelles pour changer de fournisseur avant de signer un contrat, y compris des informations sur les co\u00fbts de changement de fournisseur, qui devraient \u00eatre supprim\u00e9s d&rsquo;ici \u00e0 2027.<\/span><span data-ccp-props=\"{}\"> <\/span><\/p>\n<h4 aria-level=\"1\"><strong>Chronologie  <\/strong><span data-ccp-props=\"{}\"> <\/span><\/h4>\n<p><span data-contrast=\"auto\">Le voyage de la loi sur les donn\u00e9es commence le 11 janvier 2024, et ses dispositions prennent effet \u00e0 partir du 12 septembre 2025. Toutefois, l&rsquo;obligation d&rsquo;accessibilit\u00e9 des donn\u00e9es par d\u00e9faut s&rsquo;applique aux produits connect\u00e9s et aux services associ\u00e9s commercialis\u00e9s apr\u00e8s le 12 septembre 2026.<\/span><span data-ccp-props=\"{}\"> <\/span><\/p>\n<p><span data-ccp-props=\"{}\"> <\/span><\/p>\n<h3 style=\"text-align: center;\" aria-level=\"1\"><em><strong>Conclusion <\/strong><\/em><em> <\/em><\/h3>\n<p style=\"text-align: center;\"><em>Alors que nous entrons dans cette nouvelle \u00e8re de r\u00e9glementation des donn\u00e9es, la loi europ\u00e9enne sur les donn\u00e9es marque un engagement \u00e0 promouvoir un environnement num\u00e9rique qui privil\u00e9gie l&rsquo;\u00e9quit\u00e9, l&rsquo;accessibilit\u00e9 et la concurrence. Les obligations et les \u00e9ch\u00e9ances d\u00e9finies constituent une feuille de route pour les entreprises et les fournisseurs de services qui doivent s&rsquo;adapter \u00e0 l&rsquo;\u00e9volution du paysage, assurant ainsi une transition en douceur vers un avenir num\u00e9rique transparent et centr\u00e9 sur l&rsquo;utilisateur. Restez \u00e0 l&rsquo;\u00e9coute pour en savoir plus sur les d\u00e9tails complexes de la strat\u00e9gie de la D\u00e9cennie num\u00e9rique de l&rsquo;UE et sur l&rsquo;impact transformateur qu&rsquo;elle a sur les entreprises et les particuliers.  <\/em><\/p>\n\t\t\t\t\t\t\t\t<\/div>\n\t\t\t\t<\/div>\n\t\t\t\t\t<\/div>\n\t\t<\/div>\n\t\t\t\t\t<\/div>\n\t\t<\/section>\n\t\t\t\t<section class=\"elementor-section elementor-top-section elementor-element elementor-element-df7bbaf elementor-section-boxed elementor-section-height-default elementor-section-height-default\" data-id=\"df7bbaf\" data-element_type=\"section\" data-e-type=\"section\">\n\t\t\t\t\t\t<div class=\"elementor-container elementor-column-gap-default\">\n\t\t\t\t\t<div class=\"elementor-column elementor-col-100 elementor-top-column elementor-element elementor-element-11e5b31\" data-id=\"11e5b31\" data-element_type=\"column\" data-e-type=\"column\">\n\t\t\t<div class=\"elementor-widget-wrap elementor-element-populated\">\n\t\t\t\t\t\t<div class=\"elementor-element elementor-element-72b5cf2 elementor-align-center elementor-widget elementor-widget-global elementor-global-19699 elementor-global-8660 elementor-widget-button\" data-id=\"72b5cf2\" data-element_type=\"widget\" data-e-type=\"widget\" data-widget_type=\"button.default\">\n\t\t\t\t<div class=\"elementor-widget-container\">\n\t\t\t\t\t\t\t\t\t<div class=\"elementor-button-wrapper\">\n\t\t\t\t\t<a class=\"elementor-button elementor-button-link elementor-size-md\" href=\"https:\/\/dpoassociates.eu\/fr\/dpo-comme-personne-de-contact\/\">\n\t\t\t\t\t\t<span class=\"elementor-button-content-wrapper\">\n\t\t\t\t\t\t\t\t\t<span class=\"elementor-button-text\">DPD<\/span>\n\t\t\t\t\t<\/span>\n\t\t\t\t\t<\/a>\n\t\t\t\t<\/div>\n\t\t\t\t\t\t\t\t<\/div>\n\t\t\t\t<\/div>\n\t\t\t\t\t<\/div>\n\t\t<\/div>\n\t\t\t\t\t<\/div>\n\t\t<\/section>\n\t\t\t\t<section class=\"elementor-section elementor-top-section elementor-element elementor-element-c6febc7 elementor-section-boxed elementor-section-height-default elementor-section-height-default\" data-id=\"c6febc7\" data-element_type=\"section\" data-e-type=\"section\">\n\t\t\t\t\t\t<div class=\"elementor-container elementor-column-gap-default\">\n\t\t\t\t\t<div class=\"elementor-column elementor-col-100 elementor-top-column elementor-element elementor-element-00de23a\" data-id=\"00de23a\" data-element_type=\"column\" data-e-type=\"column\">\n\t\t\t<div class=\"elementor-widget-wrap elementor-element-populated\">\n\t\t\t\t\t\t<div class=\"elementor-element elementor-element-2c29c41 elementor-grid-3 elementor-grid-tablet-2 elementor-grid-mobile-1 elementor-posts--thumbnail-top elementor-card-shadow-yes elementor-posts__hover-gradient elementor-widget elementor-widget-global elementor-global-19691 elementor-global-8663 elementor-widget-posts\" data-id=\"2c29c41\" data-element_type=\"widget\" data-e-type=\"widget\" data-settings=\"{&quot;cards_columns&quot;:&quot;3&quot;,&quot;cards_columns_tablet&quot;:&quot;2&quot;,&quot;cards_columns_mobile&quot;:&quot;1&quot;,&quot;cards_row_gap&quot;:{&quot;unit&quot;:&quot;px&quot;,&quot;size&quot;:35,&quot;sizes&quot;:[]},&quot;cards_row_gap_tablet&quot;:{&quot;unit&quot;:&quot;px&quot;,&quot;size&quot;:&quot;&quot;,&quot;sizes&quot;:[]},&quot;cards_row_gap_mobile&quot;:{&quot;unit&quot;:&quot;px&quot;,&quot;size&quot;:&quot;&quot;,&quot;sizes&quot;:[]}}\" data-widget_type=\"posts.cards\">\n\t\t\t\t<div class=\"elementor-widget-container\">\n\t\t\t\t\t\t\t<div class=\"elementor-posts-container elementor-posts elementor-posts--skin-cards elementor-grid\" role=\"list\">\n\t\t\t\t<article class=\"elementor-post elementor-grid-item post-21898 post type-post status-publish format-standard has-post-thumbnail hentry category-non-classifiee\" role=\"listitem\">\n\t\t\t<div class=\"elementor-post__card\">\n\t\t\t\t<a class=\"elementor-post__thumbnail__link\" href=\"https:\/\/dpoassociates.eu\/fr\/gdpr-international-data-transfers-sccs-data-processing-agreements-en-anglais\/\" tabindex=\"-1\" target=\"_blank\"><div class=\"elementor-post__thumbnail\"><img decoding=\"async\" width=\"240\" height=\"300\" src=\"https:\/\/dpoassociates.eu\/wp-content\/uploads\/2026\/01\/Ontwerp-zonder-titel-51-240x300.png\" class=\"attachment-medium size-medium wp-image-21896\" alt=\"contractual clauses\" srcset=\"https:\/\/dpoassociates.eu\/wp-content\/uploads\/2026\/01\/Ontwerp-zonder-titel-51-240x300.png 240w, https:\/\/dpoassociates.eu\/wp-content\/uploads\/2026\/01\/Ontwerp-zonder-titel-51-819x1024.png 819w, https:\/\/dpoassociates.eu\/wp-content\/uploads\/2026\/01\/Ontwerp-zonder-titel-51-768x960.png 768w, https:\/\/dpoassociates.eu\/wp-content\/uploads\/2026\/01\/Ontwerp-zonder-titel-51-520x650.png 520w, https:\/\/dpoassociates.eu\/wp-content\/uploads\/2026\/01\/Ontwerp-zonder-titel-51.png 1080w\" sizes=\"(max-width: 240px) 100vw, 240px\" \/><\/div><\/a>\n\t\t\t\t<div class=\"elementor-post__badge\">Non classifi\u00e9(e)<\/div>\n\t\t\t\t<div class=\"elementor-post__text\">\n\t\t\t\t<h3 class=\"elementor-post__title\">\n\t\t\t<a href=\"https:\/\/dpoassociates.eu\/fr\/gdpr-international-data-transfers-sccs-data-processing-agreements-en-anglais\/\" target=&quot;_blank&quot;>\n\t\t\t\tGDPR International Data Transfers &#8211; SCCs &amp; Data Processing Agreements (en anglais)\t\t\t<\/a>\n\t\t<\/h3>\n\t\t\n\t\t<a class=\"elementor-post__read-more\" href=\"https:\/\/dpoassociates.eu\/fr\/gdpr-international-data-transfers-sccs-data-processing-agreements-en-anglais\/\" aria-label=\"En savoir plus sur GDPR International Data Transfers &#8211; SCCs &amp; Data Processing Agreements (en anglais)\" tabindex=\"-1\" target=\"_blank\">\n\t\t\tLire la suite \"\t\t<\/a>\n\n\t\t\t\t<\/div>\n\t\t\t\t\t<\/div>\n\t\t<\/article>\n\t\t\t\t<article class=\"elementor-post elementor-grid-item post-21812 post type-post status-publish format-standard has-post-thumbnail hentry category-non-classifiee\" role=\"listitem\">\n\t\t\t<div class=\"elementor-post__card\">\n\t\t\t\t<a class=\"elementor-post__thumbnail__link\" href=\"https:\/\/dpoassociates.eu\/fr\/pourquoi-il-est-preferable-que-chaque-entreprise-designe-un-dpd\/\" tabindex=\"-1\" target=\"_blank\"><div class=\"elementor-post__thumbnail\"><img decoding=\"async\" width=\"300\" height=\"169\" src=\"https:\/\/dpoassociates.eu\/wp-content\/uploads\/2025\/07\/Cream-and-Brown-Photographic-Beauty-Site-Launch-Website-300x169.png\" class=\"attachment-medium size-medium wp-image-21757\" alt=\"dpo belgie , dpo danny baerts\" srcset=\"https:\/\/dpoassociates.eu\/wp-content\/uploads\/2025\/07\/Cream-and-Brown-Photographic-Beauty-Site-Launch-Website-300x169.png 300w, https:\/\/dpoassociates.eu\/wp-content\/uploads\/2025\/07\/Cream-and-Brown-Photographic-Beauty-Site-Launch-Website-1024x576.png 1024w, https:\/\/dpoassociates.eu\/wp-content\/uploads\/2025\/07\/Cream-and-Brown-Photographic-Beauty-Site-Launch-Website-768x432.png 768w, https:\/\/dpoassociates.eu\/wp-content\/uploads\/2025\/07\/Cream-and-Brown-Photographic-Beauty-Site-Launch-Website-650x365.png 650w, https:\/\/dpoassociates.eu\/wp-content\/uploads\/2025\/07\/Cream-and-Brown-Photographic-Beauty-Site-Launch-Website.png 1366w\" sizes=\"(max-width: 300px) 100vw, 300px\" \/><\/div><\/a>\n\t\t\t\t<div class=\"elementor-post__badge\">Non classifi\u00e9(e)<\/div>\n\t\t\t\t<div class=\"elementor-post__text\">\n\t\t\t\t<h3 class=\"elementor-post__title\">\n\t\t\t<a href=\"https:\/\/dpoassociates.eu\/fr\/pourquoi-il-est-preferable-que-chaque-entreprise-designe-un-dpd\/\" target=&quot;_blank&quot;>\n\t\t\t\tPourquoi il est pr\u00e9f\u00e9rable que chaque entreprise d\u00e9signe un DPD\t\t\t<\/a>\n\t\t<\/h3>\n\t\t\n\t\t<a class=\"elementor-post__read-more\" href=\"https:\/\/dpoassociates.eu\/fr\/pourquoi-il-est-preferable-que-chaque-entreprise-designe-un-dpd\/\" aria-label=\"En savoir plus sur Pourquoi il est pr\u00e9f\u00e9rable que chaque entreprise d\u00e9signe un DPD\" tabindex=\"-1\" target=\"_blank\">\n\t\t\tLire la suite \"\t\t<\/a>\n\n\t\t\t\t<\/div>\n\t\t\t\t\t<\/div>\n\t\t<\/article>\n\t\t\t\t<article class=\"elementor-post elementor-grid-item post-21671 post type-post status-publish format-standard has-post-thumbnail hentry category-general-fr category-non-classifiee\" role=\"listitem\">\n\t\t\t<div class=\"elementor-post__card\">\n\t\t\t\t<a class=\"elementor-post__thumbnail__link\" href=\"https:\/\/dpoassociates.eu\/fr\/dpd-externe-pour-les-enqueteurs-prives-et-les-enqueteurs-dassurance\/\" tabindex=\"-1\" target=\"_blank\"><div class=\"elementor-post__thumbnail\"><img loading=\"lazy\" decoding=\"async\" width=\"300\" height=\"300\" src=\"https:\/\/dpoassociates.eu\/wp-content\/uploads\/2025\/05\/Ontwerp-zonder-titel-47-300x300.png\" class=\"attachment-medium size-medium wp-image-21666\" alt=\"gdpr privedetective\" srcset=\"https:\/\/dpoassociates.eu\/wp-content\/uploads\/2025\/05\/Ontwerp-zonder-titel-47-300x300.png 300w, https:\/\/dpoassociates.eu\/wp-content\/uploads\/2025\/05\/Ontwerp-zonder-titel-47-1024x1024.png 1024w, https:\/\/dpoassociates.eu\/wp-content\/uploads\/2025\/05\/Ontwerp-zonder-titel-47-150x150.png 150w, https:\/\/dpoassociates.eu\/wp-content\/uploads\/2025\/05\/Ontwerp-zonder-titel-47-768x768.png 768w, https:\/\/dpoassociates.eu\/wp-content\/uploads\/2025\/05\/Ontwerp-zonder-titel-47-650x650.png 650w, https:\/\/dpoassociates.eu\/wp-content\/uploads\/2025\/05\/Ontwerp-zonder-titel-47.png 1080w\" sizes=\"(max-width: 300px) 100vw, 300px\" \/><\/div><\/a>\n\t\t\t\t<div class=\"elementor-post__badge\">G\u00e9n\u00e9ral<\/div>\n\t\t\t\t<div class=\"elementor-post__text\">\n\t\t\t\t<h3 class=\"elementor-post__title\">\n\t\t\t<a href=\"https:\/\/dpoassociates.eu\/fr\/dpd-externe-pour-les-enqueteurs-prives-et-les-enqueteurs-dassurance\/\" target=&quot;_blank&quot;>\n\t\t\t\tDPD pour les enqu\u00eateurs priv\u00e9s et les enqu\u00eateurs d&rsquo;assurance\t\t\t<\/a>\n\t\t<\/h3>\n\t\t\n\t\t<a class=\"elementor-post__read-more\" href=\"https:\/\/dpoassociates.eu\/fr\/dpd-externe-pour-les-enqueteurs-prives-et-les-enqueteurs-dassurance\/\" aria-label=\"En savoir plus sur DPD pour les enqu\u00eateurs priv\u00e9s et les enqu\u00eateurs d&rsquo;assurance\" tabindex=\"-1\" target=\"_blank\">\n\t\t\tLire la suite \"\t\t<\/a>\n\n\t\t\t\t<\/div>\n\t\t\t\t\t<\/div>\n\t\t<\/article>\n\t\t\t\t<\/div>\n\t\t\n\t\t\t\t\t\t<\/div>\n\t\t\t\t<\/div>\n\t\t\t\t\t<\/div>\n\t\t<\/div>\n\t\t\t\t\t<\/div>\n\t\t<\/section>\n\t\t\t\t<\/div>\n\t\t","protected":false},"excerpt":{"rendered":"<p>Introduction Dans le paysage en pleine mutation de la num\u00e9risation, l&rsquo;Union europ\u00e9enne a fait \u0153uvre de pionnier en mati\u00e8re de r\u00e9glementation des<\/p>\n","protected":false},"author":1,"featured_media":15001,"comment_status":"closed","ping_status":"open","sticky":false,"template":"","format":"standard","meta":{"_eb_attr":"","footnotes":""},"categories":[139,60],"tags":[],"class_list":["post-15008","post","type-post","status-publish","format-standard","has-post-thumbnail","hentry","category-general-fr","category-non-classifiee"],"yoast_head":"<!-- This site is optimized with the Yoast SEO Premium plugin v25.8 (Yoast SEO v27.2) - https:\/\/yoast.com\/product\/yoast-seo-premium-wordpress\/ -->\n<title>L\u2019impact de la l\u00e9gislation europ\u00e9enne sur les donn\u00e9es<\/title>\n<meta name=\"description\" content=\"Apprenez-en davantage sur la l\u00e9gislation europ\u00e9enne en mati\u00e8re de donn\u00e9es et son impact sur l\u2019\u00e9conomie des donn\u00e9es de l\u2019UE.\" \/>\n<meta name=\"robots\" content=\"index, follow, max-snippet:-1, max-image-preview:large, max-video-preview:-1\" \/>\n<link rel=\"canonical\" href=\"https:\/\/dpoassociates.eu\/fr\/la-nouvelle-loi-europeenne-sur-les-donnees-prend-effet-a-partir-de-janvier-2024\/\" \/>\n<meta property=\"og:locale\" content=\"fr_FR\" \/>\n<meta property=\"og:type\" content=\"article\" \/>\n<meta property=\"og:title\" content=\"La nouvelle loi europ\u00e9enne sur les donn\u00e9es prend effet \u00e0 partir de janvier 2024\" \/>\n<meta property=\"og:description\" content=\"Apprenez-en davantage sur la l\u00e9gislation europ\u00e9enne en mati\u00e8re de donn\u00e9es et son impact sur l\u2019\u00e9conomie des donn\u00e9es de l\u2019UE.\" \/>\n<meta property=\"og:url\" content=\"https:\/\/dpoassociates.eu\/fr\/la-nouvelle-loi-europeenne-sur-les-donnees-prend-effet-a-partir-de-janvier-2024\/\" \/>\n<meta property=\"og:site_name\" content=\"DPO Associates\" \/>\n<meta property=\"article:publisher\" content=\"https:\/\/www.facebook.com\/profile.php?id=100083400514207\" \/>\n<meta property=\"article:published_time\" content=\"2024-01-26T10:22:59+00:00\" \/>\n<meta property=\"article:modified_time\" content=\"2024-07-08T09:05:15+00:00\" \/>\n<meta property=\"og:image\" content=\"https:\/\/dpoassociates.eu\/wp-content\/uploads\/2024\/01\/YOU-HAVE-BEEN-HACKED-3.png\" \/>\n\t<meta property=\"og:image:width\" content=\"1080\" \/>\n\t<meta property=\"og:image:height\" content=\"1080\" \/>\n\t<meta property=\"og:image:type\" content=\"image\/png\" \/>\n<meta name=\"author\" content=\"admin\" \/>\n<meta name=\"twitter:card\" content=\"summary_large_image\" \/>\n<meta name=\"twitter:label1\" content=\"\u00c9crit par\" \/>\n\t<meta name=\"twitter:data1\" content=\"admin\" \/>\n\t<meta name=\"twitter:label2\" content=\"Dur\u00e9e de lecture estim\u00e9e\" \/>\n\t<meta name=\"twitter:data2\" content=\"4 minutes\" \/>\n<script type=\"application\/ld+json\" class=\"yoast-schema-graph\">{\"@context\":\"https:\/\/schema.org\",\"@graph\":[{\"@type\":\"Article\",\"@id\":\"https:\/\/dpoassociates.eu\/fr\/la-nouvelle-loi-europeenne-sur-les-donnees-prend-effet-a-partir-de-janvier-2024\/#article\",\"isPartOf\":{\"@id\":\"https:\/\/dpoassociates.eu\/fr\/la-nouvelle-loi-europeenne-sur-les-donnees-prend-effet-a-partir-de-janvier-2024\/\"},\"author\":{\"name\":\"admin\",\"@id\":\"https:\/\/dpoassociates.eu\/fr\/#\/schema\/person\/302a15bf9c51c524d89cb526c22ab649\"},\"headline\":\"La nouvelle loi europ\u00e9enne sur les donn\u00e9es prend effet \u00e0 partir de janvier 2024\",\"datePublished\":\"2024-01-26T10:22:59+00:00\",\"dateModified\":\"2024-07-08T09:05:15+00:00\",\"mainEntityOfPage\":{\"@id\":\"https:\/\/dpoassociates.eu\/fr\/la-nouvelle-loi-europeenne-sur-les-donnees-prend-effet-a-partir-de-janvier-2024\/\"},\"wordCount\":715,\"publisher\":{\"@id\":\"https:\/\/dpoassociates.eu\/fr\/#organization\"},\"image\":{\"@id\":\"https:\/\/dpoassociates.eu\/fr\/la-nouvelle-loi-europeenne-sur-les-donnees-prend-effet-a-partir-de-janvier-2024\/#primaryimage\"},\"thumbnailUrl\":\"https:\/\/dpoassociates.eu\/wp-content\/uploads\/2024\/01\/YOU-HAVE-BEEN-HACKED-3.png\",\"articleSection\":[\"G\u00e9n\u00e9ral\",\"Non classifi\u00e9(e)\"],\"inLanguage\":\"fr-FR\"},{\"@type\":\"WebPage\",\"@id\":\"https:\/\/dpoassociates.eu\/fr\/la-nouvelle-loi-europeenne-sur-les-donnees-prend-effet-a-partir-de-janvier-2024\/\",\"url\":\"https:\/\/dpoassociates.eu\/fr\/la-nouvelle-loi-europeenne-sur-les-donnees-prend-effet-a-partir-de-janvier-2024\/\",\"name\":\"L\u2019impact de la l\u00e9gislation europ\u00e9enne sur les donn\u00e9es\",\"isPartOf\":{\"@id\":\"https:\/\/dpoassociates.eu\/fr\/#website\"},\"primaryImageOfPage\":{\"@id\":\"https:\/\/dpoassociates.eu\/fr\/la-nouvelle-loi-europeenne-sur-les-donnees-prend-effet-a-partir-de-janvier-2024\/#primaryimage\"},\"image\":{\"@id\":\"https:\/\/dpoassociates.eu\/fr\/la-nouvelle-loi-europeenne-sur-les-donnees-prend-effet-a-partir-de-janvier-2024\/#primaryimage\"},\"thumbnailUrl\":\"https:\/\/dpoassociates.eu\/wp-content\/uploads\/2024\/01\/YOU-HAVE-BEEN-HACKED-3.png\",\"datePublished\":\"2024-01-26T10:22:59+00:00\",\"dateModified\":\"2024-07-08T09:05:15+00:00\",\"description\":\"Apprenez-en davantage sur la l\u00e9gislation europ\u00e9enne en mati\u00e8re de donn\u00e9es et son impact sur l\u2019\u00e9conomie des donn\u00e9es de l\u2019UE.\",\"breadcrumb\":{\"@id\":\"https:\/\/dpoassociates.eu\/fr\/la-nouvelle-loi-europeenne-sur-les-donnees-prend-effet-a-partir-de-janvier-2024\/#breadcrumb\"},\"inLanguage\":\"fr-FR\",\"potentialAction\":[{\"@type\":\"ReadAction\",\"target\":[\"https:\/\/dpoassociates.eu\/fr\/la-nouvelle-loi-europeenne-sur-les-donnees-prend-effet-a-partir-de-janvier-2024\/\"]}]},{\"@type\":\"ImageObject\",\"inLanguage\":\"fr-FR\",\"@id\":\"https:\/\/dpoassociates.eu\/fr\/la-nouvelle-loi-europeenne-sur-les-donnees-prend-effet-a-partir-de-janvier-2024\/#primaryimage\",\"url\":\"https:\/\/dpoassociates.eu\/wp-content\/uploads\/2024\/01\/YOU-HAVE-BEEN-HACKED-3.png\",\"contentUrl\":\"https:\/\/dpoassociates.eu\/wp-content\/uploads\/2024\/01\/YOU-HAVE-BEEN-HACKED-3.png\",\"width\":1080,\"height\":1080,\"caption\":\"EU data act\"},{\"@type\":\"BreadcrumbList\",\"@id\":\"https:\/\/dpoassociates.eu\/fr\/la-nouvelle-loi-europeenne-sur-les-donnees-prend-effet-a-partir-de-janvier-2024\/#breadcrumb\",\"itemListElement\":[{\"@type\":\"ListItem\",\"position\":1,\"name\":\"Home\",\"item\":\"https:\/\/dpoassociates.eu\/fr\/\"},{\"@type\":\"ListItem\",\"position\":2,\"name\":\"La nouvelle loi europ\u00e9enne sur les donn\u00e9es prend effet \u00e0 partir de janvier 2024\"}]},{\"@type\":\"WebSite\",\"@id\":\"https:\/\/dpoassociates.eu\/fr\/#website\",\"url\":\"https:\/\/dpoassociates.eu\/fr\/\",\"name\":\"DPO Associates\",\"description\":\"Protect, Detect, Respond\",\"publisher\":{\"@id\":\"https:\/\/dpoassociates.eu\/fr\/#organization\"},\"potentialAction\":[{\"@type\":\"SearchAction\",\"target\":{\"@type\":\"EntryPoint\",\"urlTemplate\":\"https:\/\/dpoassociates.eu\/fr\/?s={search_term_string}\"},\"query-input\":{\"@type\":\"PropertyValueSpecification\",\"valueRequired\":true,\"valueName\":\"search_term_string\"}}],\"inLanguage\":\"fr-FR\"},{\"@type\":\"Organization\",\"@id\":\"https:\/\/dpoassociates.eu\/fr\/#organization\",\"name\":\"DPO Associates\",\"url\":\"https:\/\/dpoassociates.eu\/fr\/\",\"logo\":{\"@type\":\"ImageObject\",\"inLanguage\":\"fr-FR\",\"@id\":\"https:\/\/dpoassociates.eu\/fr\/#\/schema\/logo\/image\/\",\"url\":\"https:\/\/dpoassociates.eu\/wp-content\/uploads\/2022\/09\/thumbnail_Logo-DPO-Associates-negatief-zwart-negatief-002.png\",\"contentUrl\":\"https:\/\/dpoassociates.eu\/wp-content\/uploads\/2022\/09\/thumbnail_Logo-DPO-Associates-negatief-zwart-negatief-002.png\",\"width\":651,\"height\":651,\"caption\":\"DPO Associates\"},\"image\":{\"@id\":\"https:\/\/dpoassociates.eu\/fr\/#\/schema\/logo\/image\/\"},\"sameAs\":[\"https:\/\/www.facebook.com\/profile.php?id=100083400514207\",\"https:\/\/www.linkedin.com\/company\/dpo-associates-da\/\"]},{\"@type\":\"Person\",\"@id\":\"https:\/\/dpoassociates.eu\/fr\/#\/schema\/person\/302a15bf9c51c524d89cb526c22ab649\",\"name\":\"admin\",\"image\":{\"@type\":\"ImageObject\",\"inLanguage\":\"fr-FR\",\"@id\":\"https:\/\/secure.gravatar.com\/avatar\/0b13c3c7ec36f7f3c24ceeed82ac5a11ac7dd5c84b337f0a962c2cf227bd86d3?s=96&d=mm&r=g\",\"url\":\"https:\/\/secure.gravatar.com\/avatar\/0b13c3c7ec36f7f3c24ceeed82ac5a11ac7dd5c84b337f0a962c2cf227bd86d3?s=96&d=mm&r=g\",\"contentUrl\":\"https:\/\/secure.gravatar.com\/avatar\/0b13c3c7ec36f7f3c24ceeed82ac5a11ac7dd5c84b337f0a962c2cf227bd86d3?s=96&d=mm&r=g\",\"caption\":\"admin\"},\"sameAs\":[\"https:\/\/dpoassociates.eu\"],\"url\":\"https:\/\/dpoassociates.eu\/fr\/author\/admin\/\"}]}<\/script>\n<!-- \/ Yoast SEO Premium plugin. -->","yoast_head_json":{"title":"L\u2019impact de la l\u00e9gislation europ\u00e9enne sur les donn\u00e9es","description":"Apprenez-en davantage sur la l\u00e9gislation europ\u00e9enne en mati\u00e8re de donn\u00e9es et son impact sur l\u2019\u00e9conomie des donn\u00e9es de l\u2019UE.","robots":{"index":"index","follow":"follow","max-snippet":"max-snippet:-1","max-image-preview":"max-image-preview:large","max-video-preview":"max-video-preview:-1"},"canonical":"https:\/\/dpoassociates.eu\/fr\/la-nouvelle-loi-europeenne-sur-les-donnees-prend-effet-a-partir-de-janvier-2024\/","og_locale":"fr_FR","og_type":"article","og_title":"La nouvelle loi europ\u00e9enne sur les donn\u00e9es prend effet \u00e0 partir de janvier 2024","og_description":"Apprenez-en davantage sur la l\u00e9gislation europ\u00e9enne en mati\u00e8re de donn\u00e9es et son impact sur l\u2019\u00e9conomie des donn\u00e9es de l\u2019UE.","og_url":"https:\/\/dpoassociates.eu\/fr\/la-nouvelle-loi-europeenne-sur-les-donnees-prend-effet-a-partir-de-janvier-2024\/","og_site_name":"DPO Associates","article_publisher":"https:\/\/www.facebook.com\/profile.php?id=100083400514207","article_published_time":"2024-01-26T10:22:59+00:00","article_modified_time":"2024-07-08T09:05:15+00:00","og_image":[{"width":1080,"height":1080,"url":"https:\/\/dpoassociates.eu\/wp-content\/uploads\/2024\/01\/YOU-HAVE-BEEN-HACKED-3.png","type":"image\/png"}],"author":"admin","twitter_card":"summary_large_image","twitter_misc":{"\u00c9crit par":"admin","Dur\u00e9e de lecture estim\u00e9e":"4 minutes"},"schema":{"@context":"https:\/\/schema.org","@graph":[{"@type":"Article","@id":"https:\/\/dpoassociates.eu\/fr\/la-nouvelle-loi-europeenne-sur-les-donnees-prend-effet-a-partir-de-janvier-2024\/#article","isPartOf":{"@id":"https:\/\/dpoassociates.eu\/fr\/la-nouvelle-loi-europeenne-sur-les-donnees-prend-effet-a-partir-de-janvier-2024\/"},"author":{"name":"admin","@id":"https:\/\/dpoassociates.eu\/fr\/#\/schema\/person\/302a15bf9c51c524d89cb526c22ab649"},"headline":"La nouvelle loi europ\u00e9enne sur les donn\u00e9es prend effet \u00e0 partir de janvier 2024","datePublished":"2024-01-26T10:22:59+00:00","dateModified":"2024-07-08T09:05:15+00:00","mainEntityOfPage":{"@id":"https:\/\/dpoassociates.eu\/fr\/la-nouvelle-loi-europeenne-sur-les-donnees-prend-effet-a-partir-de-janvier-2024\/"},"wordCount":715,"publisher":{"@id":"https:\/\/dpoassociates.eu\/fr\/#organization"},"image":{"@id":"https:\/\/dpoassociates.eu\/fr\/la-nouvelle-loi-europeenne-sur-les-donnees-prend-effet-a-partir-de-janvier-2024\/#primaryimage"},"thumbnailUrl":"https:\/\/dpoassociates.eu\/wp-content\/uploads\/2024\/01\/YOU-HAVE-BEEN-HACKED-3.png","articleSection":["G\u00e9n\u00e9ral","Non classifi\u00e9(e)"],"inLanguage":"fr-FR"},{"@type":"WebPage","@id":"https:\/\/dpoassociates.eu\/fr\/la-nouvelle-loi-europeenne-sur-les-donnees-prend-effet-a-partir-de-janvier-2024\/","url":"https:\/\/dpoassociates.eu\/fr\/la-nouvelle-loi-europeenne-sur-les-donnees-prend-effet-a-partir-de-janvier-2024\/","name":"L\u2019impact de la l\u00e9gislation europ\u00e9enne sur les donn\u00e9es","isPartOf":{"@id":"https:\/\/dpoassociates.eu\/fr\/#website"},"primaryImageOfPage":{"@id":"https:\/\/dpoassociates.eu\/fr\/la-nouvelle-loi-europeenne-sur-les-donnees-prend-effet-a-partir-de-janvier-2024\/#primaryimage"},"image":{"@id":"https:\/\/dpoassociates.eu\/fr\/la-nouvelle-loi-europeenne-sur-les-donnees-prend-effet-a-partir-de-janvier-2024\/#primaryimage"},"thumbnailUrl":"https:\/\/dpoassociates.eu\/wp-content\/uploads\/2024\/01\/YOU-HAVE-BEEN-HACKED-3.png","datePublished":"2024-01-26T10:22:59+00:00","dateModified":"2024-07-08T09:05:15+00:00","description":"Apprenez-en davantage sur la l\u00e9gislation europ\u00e9enne en mati\u00e8re de donn\u00e9es et son impact sur l\u2019\u00e9conomie des donn\u00e9es de l\u2019UE.","breadcrumb":{"@id":"https:\/\/dpoassociates.eu\/fr\/la-nouvelle-loi-europeenne-sur-les-donnees-prend-effet-a-partir-de-janvier-2024\/#breadcrumb"},"inLanguage":"fr-FR","potentialAction":[{"@type":"ReadAction","target":["https:\/\/dpoassociates.eu\/fr\/la-nouvelle-loi-europeenne-sur-les-donnees-prend-effet-a-partir-de-janvier-2024\/"]}]},{"@type":"ImageObject","inLanguage":"fr-FR","@id":"https:\/\/dpoassociates.eu\/fr\/la-nouvelle-loi-europeenne-sur-les-donnees-prend-effet-a-partir-de-janvier-2024\/#primaryimage","url":"https:\/\/dpoassociates.eu\/wp-content\/uploads\/2024\/01\/YOU-HAVE-BEEN-HACKED-3.png","contentUrl":"https:\/\/dpoassociates.eu\/wp-content\/uploads\/2024\/01\/YOU-HAVE-BEEN-HACKED-3.png","width":1080,"height":1080,"caption":"EU data act"},{"@type":"BreadcrumbList","@id":"https:\/\/dpoassociates.eu\/fr\/la-nouvelle-loi-europeenne-sur-les-donnees-prend-effet-a-partir-de-janvier-2024\/#breadcrumb","itemListElement":[{"@type":"ListItem","position":1,"name":"Home","item":"https:\/\/dpoassociates.eu\/fr\/"},{"@type":"ListItem","position":2,"name":"La nouvelle loi europ\u00e9enne sur les donn\u00e9es prend effet \u00e0 partir de janvier 2024"}]},{"@type":"WebSite","@id":"https:\/\/dpoassociates.eu\/fr\/#website","url":"https:\/\/dpoassociates.eu\/fr\/","name":"DPO Associates","description":"Protect, Detect, Respond","publisher":{"@id":"https:\/\/dpoassociates.eu\/fr\/#organization"},"potentialAction":[{"@type":"SearchAction","target":{"@type":"EntryPoint","urlTemplate":"https:\/\/dpoassociates.eu\/fr\/?s={search_term_string}"},"query-input":{"@type":"PropertyValueSpecification","valueRequired":true,"valueName":"search_term_string"}}],"inLanguage":"fr-FR"},{"@type":"Organization","@id":"https:\/\/dpoassociates.eu\/fr\/#organization","name":"DPO Associates","url":"https:\/\/dpoassociates.eu\/fr\/","logo":{"@type":"ImageObject","inLanguage":"fr-FR","@id":"https:\/\/dpoassociates.eu\/fr\/#\/schema\/logo\/image\/","url":"https:\/\/dpoassociates.eu\/wp-content\/uploads\/2022\/09\/thumbnail_Logo-DPO-Associates-negatief-zwart-negatief-002.png","contentUrl":"https:\/\/dpoassociates.eu\/wp-content\/uploads\/2022\/09\/thumbnail_Logo-DPO-Associates-negatief-zwart-negatief-002.png","width":651,"height":651,"caption":"DPO Associates"},"image":{"@id":"https:\/\/dpoassociates.eu\/fr\/#\/schema\/logo\/image\/"},"sameAs":["https:\/\/www.facebook.com\/profile.php?id=100083400514207","https:\/\/www.linkedin.com\/company\/dpo-associates-da\/"]},{"@type":"Person","@id":"https:\/\/dpoassociates.eu\/fr\/#\/schema\/person\/302a15bf9c51c524d89cb526c22ab649","name":"admin","image":{"@type":"ImageObject","inLanguage":"fr-FR","@id":"https:\/\/secure.gravatar.com\/avatar\/0b13c3c7ec36f7f3c24ceeed82ac5a11ac7dd5c84b337f0a962c2cf227bd86d3?s=96&d=mm&r=g","url":"https:\/\/secure.gravatar.com\/avatar\/0b13c3c7ec36f7f3c24ceeed82ac5a11ac7dd5c84b337f0a962c2cf227bd86d3?s=96&d=mm&r=g","contentUrl":"https:\/\/secure.gravatar.com\/avatar\/0b13c3c7ec36f7f3c24ceeed82ac5a11ac7dd5c84b337f0a962c2cf227bd86d3?s=96&d=mm&r=g","caption":"admin"},"sameAs":["https:\/\/dpoassociates.eu"],"url":"https:\/\/dpoassociates.eu\/fr\/author\/admin\/"}]}},"_links":{"self":[{"href":"https:\/\/dpoassociates.eu\/fr\/wp-json\/wp\/v2\/posts\/15008","targetHints":{"allow":["GET"]}}],"collection":[{"href":"https:\/\/dpoassociates.eu\/fr\/wp-json\/wp\/v2\/posts"}],"about":[{"href":"https:\/\/dpoassociates.eu\/fr\/wp-json\/wp\/v2\/types\/post"}],"author":[{"embeddable":true,"href":"https:\/\/dpoassociates.eu\/fr\/wp-json\/wp\/v2\/users\/1"}],"replies":[{"embeddable":true,"href":"https:\/\/dpoassociates.eu\/fr\/wp-json\/wp\/v2\/comments?post=15008"}],"version-history":[{"count":0,"href":"https:\/\/dpoassociates.eu\/fr\/wp-json\/wp\/v2\/posts\/15008\/revisions"}],"wp:featuredmedia":[{"embeddable":true,"href":"https:\/\/dpoassociates.eu\/fr\/wp-json\/wp\/v2\/media\/15001"}],"wp:attachment":[{"href":"https:\/\/dpoassociates.eu\/fr\/wp-json\/wp\/v2\/media?parent=15008"}],"wp:term":[{"taxonomy":"category","embeddable":true,"href":"https:\/\/dpoassociates.eu\/fr\/wp-json\/wp\/v2\/categories?post=15008"},{"taxonomy":"post_tag","embeddable":true,"href":"https:\/\/dpoassociates.eu\/fr\/wp-json\/wp\/v2\/tags?post=15008"}],"curies":[{"name":"wp","href":"https:\/\/api.w.org\/{rel}","templated":true}]}}