{"id":11220,"date":"2023-08-16T09:46:27","date_gmt":"2023-08-16T09:46:27","guid":{"rendered":"https:\/\/dpoassociates.eu\/la-pdpb-indienne-et-le-transfert-transfrontalier-de-donnees-aux-entreprises-de-lue\/"},"modified":"2025-02-27T14:31:28","modified_gmt":"2025-02-27T13:31:28","slug":"la-pdpb-indienne-et-le-transfert-transfrontalier-de-donnees-aux-entreprises-de-lue","status":"publish","type":"post","link":"https:\/\/dpoassociates.eu\/fr\/la-pdpb-indienne-et-le-transfert-transfrontalier-de-donnees-aux-entreprises-de-lue\/","title":{"rendered":"La PDPB indienne et le transfert transfrontalier de donn\u00e9es aux entreprises de l&rsquo;UE"},"content":{"rendered":"\t\t<div data-elementor-type=\"wp-post\" data-elementor-id=\"11220\" class=\"elementor elementor-11220 elementor-11106\" data-elementor-post-type=\"post\">\n\t\t\t\t\t\t<section class=\"elementor-section elementor-top-section elementor-element elementor-element-5cd5d0b7 elementor-section-content-middle elementor-section-boxed elementor-section-height-default elementor-section-height-default\" data-id=\"5cd5d0b7\" data-element_type=\"section\" data-e-type=\"section\">\n\t\t\t\t\t\t<div class=\"elementor-container elementor-column-gap-default\">\n\t\t\t\t\t<div class=\"elementor-column elementor-col-100 elementor-top-column elementor-element elementor-element-7d3c7f6d\" data-id=\"7d3c7f6d\" data-element_type=\"column\" data-e-type=\"column\">\n\t\t\t<div class=\"elementor-widget-wrap elementor-element-populated\">\n\t\t\t\t\t\t<div class=\"elementor-element elementor-element-5165c488 elementor-invisible elementor-widget elementor-widget-heading\" data-id=\"5165c488\" data-element_type=\"widget\" data-e-type=\"widget\" data-settings=\"{&quot;_animation&quot;:&quot;fadeInUp&quot;}\" data-widget_type=\"heading.default\">\n\t\t\t\t<div class=\"elementor-widget-container\">\n\t\t\t\t\t<h2 class=\"elementor-heading-title elementor-size-default\">Le projet de loi indien sur la protection des donn\u00e9es (PDPB) et son impact sur les transferts transfrontaliers de donn\u00e9es avec les entreprises de l'UE  <\/h2>\t\t\t\t<\/div>\n\t\t\t\t<\/div>\n\t\t\t\t<div class=\"elementor-element elementor-element-1dc1d9e9 elementor-invisible elementor-widget elementor-widget-heading\" data-id=\"1dc1d9e9\" data-element_type=\"widget\" data-e-type=\"widget\" data-settings=\"{&quot;_animation&quot;:&quot;fadeInUp&quot;,&quot;_animation_delay&quot;:400}\" data-widget_type=\"heading.default\">\n\t\t\t\t<div class=\"elementor-widget-container\">\n\t\t\t\t\t<div class=\"elementor-heading-title elementor-size-default\">Bien que l'Inde soit le deuxi\u00e8me march\u00e9 Internet au monde, elle n'a pas encore mis en place de loi compl\u00e8te sur la protection des donn\u00e9es. En 2017, la Cour supr\u00eame indienne a reconnu la n\u00e9cessit\u00e9 de r\u00e9glementer la protection des donn\u00e9es.  <br>Depuis lors, le gouvernement du pays s'efforce de cr\u00e9er une l\u00e9gislation codifiant et prot\u00e9geant les droits des individus en mati\u00e8re de confidentialit\u00e9 des donn\u00e9es.  <br><br>Le projet de loi le plus r\u00e9cent a \u00e9t\u00e9 publi\u00e9 \u00e0 la fin de l'ann\u00e9e 2022 et a \u00e9t\u00e9 d\u00e9pos\u00e9 au parlement lors de la session de la mousson d'ao\u00fbt 2023.  <br>Dans ce blog, nous examinerons les principaux points du projet de loi et les comparerons avec le GDPR.  <\/div>\t\t\t\t<\/div>\n\t\t\t\t<\/div>\n\t\t\t\t\t<\/div>\n\t\t<\/div>\n\t\t\t\t\t<\/div>\n\t\t<\/section>\n\t\t\t\t<section class=\"elementor-section elementor-top-section elementor-element elementor-element-202050b elementor-section-boxed elementor-section-height-default elementor-section-height-default\" data-id=\"202050b\" data-element_type=\"section\" data-e-type=\"section\">\n\t\t\t\t\t\t<div class=\"elementor-container elementor-column-gap-default\">\n\t\t\t\t\t<div class=\"elementor-column elementor-col-100 elementor-top-column elementor-element elementor-element-07fba41\" data-id=\"07fba41\" data-element_type=\"column\" data-e-type=\"column\">\n\t\t\t<div class=\"elementor-widget-wrap elementor-element-populated\">\n\t\t\t\t\t\t<div class=\"elementor-element elementor-element-8996c4b elementor-widget elementor-widget-image\" data-id=\"8996c4b\" data-element_type=\"widget\" data-e-type=\"widget\" data-widget_type=\"image.default\">\n\t\t\t\t<div class=\"elementor-widget-container\">\n\t\t\t\t\t\t\t\t\t\t\t\t\t\t\t<img fetchpriority=\"high\" decoding=\"async\" width=\"253\" height=\"399\" src=\"https:\/\/dpoassociates.eu\/wp-content\/uploads\/2023\/08\/Character-inject.png\" class=\"attachment-large size-large wp-image-10879\" alt=\"de indase gegevensbeschermingsautoriteit\" srcset=\"https:\/\/dpoassociates.eu\/wp-content\/uploads\/2023\/08\/Character-inject.png 253w, https:\/\/dpoassociates.eu\/wp-content\/uploads\/2023\/08\/Character-inject-190x300.png 190w\" sizes=\"(max-width: 253px) 100vw, 253px\" \/>\t\t\t\t\t\t\t\t\t\t\t\t\t\t\t<\/div>\n\t\t\t\t<\/div>\n\t\t\t\t\t<\/div>\n\t\t<\/div>\n\t\t\t\t\t<\/div>\n\t\t<\/section>\n\t\t\t\t<section class=\"elementor-section elementor-top-section elementor-element elementor-element-6c879ead elementor-section-content-middle elementor-section-boxed elementor-section-height-default elementor-section-height-default\" data-id=\"6c879ead\" data-element_type=\"section\" data-e-type=\"section\">\n\t\t\t\t\t\t<div class=\"elementor-container elementor-column-gap-default\">\n\t\t\t\t\t<div class=\"elementor-column elementor-col-100 elementor-top-column elementor-element elementor-element-7cda26ee\" data-id=\"7cda26ee\" data-element_type=\"column\" data-e-type=\"column\">\n\t\t\t<div class=\"elementor-widget-wrap elementor-element-populated\">\n\t\t\t\t\t\t<div class=\"elementor-element elementor-element-53c69095 elementor-widget__width-initial elementor-invisible elementor-widget elementor-widget-heading\" data-id=\"53c69095\" data-element_type=\"widget\" data-e-type=\"widget\" data-settings=\"{&quot;_animation&quot;:&quot;fadeInUp&quot;}\" data-widget_type=\"heading.default\">\n\t\t\t\t<div class=\"elementor-widget-container\">\n\t\t\t\t\t<h2 class=\"elementor-heading-title elementor-size-default\">Champ d'application et objectifs du projet de loi  <\/h2>\t\t\t\t<\/div>\n\t\t\t\t<\/div>\n\t\t\t\t<div class=\"elementor-element elementor-element-216a7cb6 elementor-widget__width-initial elementor-invisible elementor-widget elementor-widget-text-editor\" data-id=\"216a7cb6\" data-element_type=\"widget\" data-e-type=\"widget\" data-settings=\"{&quot;_animation&quot;:&quot;fadeInUp&quot;,&quot;_animation_delay&quot;:200}\" data-widget_type=\"text-editor.default\">\n\t\t\t\t<div class=\"elementor-widget-container\">\n\t\t\t\t\t\t\t\t\t<p><span class=\"TextRun SCXW164217801 BCX4\" lang=\"NL-NL\" xml:lang=\"NL-NL\" data-contrast=\"auto\"><span class=\"NormalTextRun SCXW164217801 BCX4\">D<\/span><span class=\"NormalTextRun SCXW164217801 BCX4\">a protection num\u00e9rique des donn\u00e9es \u00e0 caract\u00e8re personnel <\/span><span class=\"NormalTextRun SpellingErrorV2Themed SCXW164217801 BCX4\">Protection des donn\u00e9es<\/span><span class=\"NormalTextRun SCXW164217801 BCX4\"> protection des donn\u00e9es personnelles<\/span><span class=\"NormalTextRun SCXW164217801 BCX4\"> (ci-apr\u00e8s : PDPB) a \u00e9t\u00e9 soumis \u00e0 l&rsquo;Assembl\u00e9e nationale de l <\/span><span class=\"NormalTextRun SCXW164217801 BCX4\">Indi<\/span><span class=\"NormalTextRun SCXW164217801 BCX4\">comme<\/span><span class=\"NormalTextRun SCXW164217801 BCX4\">e<\/span><span class=\"NormalTextRun SCXW164217801 BCX4\">  Le Parlement. Un processus de d\u00e9veloppement de 10 ans a pr\u00e9c\u00e9d\u00e9 cette soumission. Il y avait<\/span> <span class=\"NormalTextRun SCXW164217801 BCX4\"> d\u00e9j\u00e0<\/span><span class=\"NormalTextRun SCXW164217801 BCX4\"> a d\u00e9j\u00e0 soumis au Parlement un projet beaucoup plus complet et normatif en 2021<\/span><span class=\"NormalTextRun SCXW164217801 BCX4\">Toutefois, ce projet a \u00e9t\u00e9 retir\u00e9 et remplac\u00e9 par l&rsquo;actuel projet de loi <\/span><span class=\"NormalTextRun SCXW164217801 BCX4\">simplifi\u00e9<\/span><span class=\"NormalTextRun SCXW164217801 BCX4\">bas\u00e9 sur des principes, qui a \u00e9t\u00e9 introduit pour consultation le <\/span><span class=\"NormalTextRun SCXW164217801 BCX4\">18 novembre 2022<\/span><span class=\"NormalTextRun SCXW164217801 BCX4\">. A  <\/span><span class=\"NormalTextRun SCXW164217801 BCX4\">complet<\/span><span class=\"NormalTextRun SCXW164217801 BCX4\"> processus de consultation<\/span><span class=\"NormalTextRun SCXW164217801 BCX4\">s<\/span><span class=\"NormalTextRun SCXW164217801 BCX4\"> et <\/span><span class=\"NormalTextRun SCXW164217801 BCX4\">il y a eu <\/span><span class=\"NormalTextRun SCXW164217801 BCX4\">certains<\/span><span class=\"NormalTextRun SCXW164217801 BCX4\">  des dizaines de discussions au plus haut niveau du minist\u00e8re. Le minist\u00e8re de l&rsquo;e<\/span><span class=\"NormalTextRun SCXW164217801 BCX4\">\u00e9lectronique et <\/span><span class=\"NormalTextRun SCXW164217801 BCX4\">i<\/span><span class=\"NormalTextRun SCXW164217801 BCX4\">es technologies de l&rsquo; information <\/span><span class=\"NormalTextRun SCXW164217801 BCX4\">a <\/span><span class=\"NormalTextRun SCXW164217801 BCX4\">en fin de compte <\/span><span class=\"NormalTextRun SCXW164217801 BCX4\">l&rsquo;information<\/span> <span class=\"NormalTextRun SCXW164217801 BCX4\">a jet\u00e9 les premi\u00e8res bases de l&rsquo;\u00e9laboration et de l&rsquo;adoption d&rsquo;une l\u00e9gislation indienne sur mesure <\/span><span class=\"NormalTextRun SCXW164217801 BCX4\">pour l&rsquo;\u00e9laboration et l&rsquo;adoption d&rsquo;une l\u00e9gislation indienne sur mesure qui cherche \u00e0 concilier la facilitation des affaires et la protection des imp\u00e9ratifs souverains<\/span><span class=\"NormalTextRun SCXW164217801 BCX4\">, <\/span><span class=\"NormalTextRun SCXW164217801 BCX4\">les droits civils<\/span><span class=\"NormalTextRun SCXW164217801 BCX4\"> et la protection des donn\u00e9es<\/span><span class=\"NormalTextRun SCXW164217801 BCX4\">r<\/span><span class=\"NormalTextRun SCXW164217801 BCX4\">ming<\/span><span class=\"NormalTextRun SCXW164217801 BCX4\">.<\/span><\/span><span class=\"EOP SCXW164217801 BCX4\" data-ccp-props=\"{\"335551550\":6,\"335551620\":6}\"> <\/span><\/p><p><span class=\"TextRun SCXW62596970 BCX4\" lang=\"NL-NL\" xml:lang=\"NL-NL\" data-contrast=\"auto\"><span class=\"NormalTextRun SCXW62596970 BCX4\">En tant que document concis de 33 pages, r\u00e9dig\u00e9 dans un langage simple et accompagn\u00e9 de plusieurs illustrations, le projet de loi repr\u00e9sente une rupture importante, presque anachronique, avec les approches denses et prescriptives de l&rsquo;Union europ\u00e9enne. <\/span><span class=\"NormalTextRun SCXW62596970 BCX4\">approches prescriptives<\/span><span class=\"NormalTextRun SCXW62596970 BCX4\"> de la <\/span><span class=\"NormalTextRun SCXW62596970 BCX4\">l\u00e9gislation<\/span><span class=\"NormalTextRun SCXW62596970 BCX4\">et<\/span><span class=\"NormalTextRun SCXW62596970 BCX4\"> sur la protection des donn\u00e9es \u00e0 caract\u00e8re personnel<\/span><span class=\"NormalTextRun SCXW62596970 BCX4\">comme le GDPR,<\/span><span class=\"NormalTextRun SCXW62596970 BCX4\"> qui, jusqu&rsquo;\u00e0 pr\u00e9sent, ont \u00e9t\u00e9 au c\u0153ur de l&rsquo;action de l&rsquo;Union europ\u00e9enne.<\/span><span class=\"NormalTextRun SCXW62596970 BCX4\">. Certains des objectifs et \u00e9l\u00e9ments cl\u00e9s de la PDPB sont les suivants :<\/span><\/span><span class=\"EOP SCXW62596970 BCX4\" data-ccp-props=\"{\"335551550\":6,\"335551620\":6}\"> <\/span><\/p>\t\t\t\t\t\t\t\t<\/div>\n\t\t\t\t<\/div>\n\t\t\t\t<div class=\"elementor-element elementor-element-77da7564 elementor-icon-list--layout-traditional elementor-list-item-link-full_width elementor-invisible elementor-widget elementor-widget-icon-list\" data-id=\"77da7564\" data-element_type=\"widget\" data-e-type=\"widget\" data-settings=\"{&quot;_animation&quot;:&quot;fadeInUp&quot;,&quot;_animation_delay&quot;:400}\" data-widget_type=\"icon-list.default\">\n\t\t\t\t<div class=\"elementor-widget-container\">\n\t\t\t\t\t\t\t<ul class=\"elementor-icon-list-items\">\n\t\t\t\t\t\t\t<li class=\"elementor-icon-list-item\">\n\t\t\t\t\t\t\t\t\t\t\t<span class=\"elementor-icon-list-icon\">\n\t\t\t\t\t\t\t<i aria-hidden=\"true\" class=\"fas fa-check\"><\/i>\t\t\t\t\t\t<\/span>\n\t\t\t\t\t\t\t\t\t\t<span class=\"elementor-icon-list-text\">r\u00e9diger des r\u00e8gles g\u00e9n\u00e9rales de base dont plusieurs \u00e9l\u00e9ments, tels que le consentement, la limitation de la finalit\u00e9 et la minimisation des donn\u00e9es, ont \u00e9t\u00e9 renforc\u00e9s au cours du processus de consultation ;  <\/span>\n\t\t\t\t\t\t\t\t\t<\/li>\n\t\t\t\t\t\t\t\t<li class=\"elementor-icon-list-item\">\n\t\t\t\t\t\t\t\t\t\t\t<span class=\"elementor-icon-list-icon\">\n\t\t\t\t\t\t\t<i aria-hidden=\"true\" class=\"fas fa-check\"><\/i>\t\t\t\t\t\t<\/span>\n\t\t\t\t\t\t\t\t\t\t<span class=\"elementor-icon-list-text\">fournir des orientations par le biais d'une l\u00e9gislation d\u00e9l\u00e9gu\u00e9e sur des concepts tels que le mode de consentement parental et les avis relatifs \u00e0 la protection de la vie priv\u00e9e. D'autres concepts tels que les pratiques raisonnables de s\u00e9curit\u00e9 et les mesures techniques et organisationnelles sont laiss\u00e9s \u00e0 l'interpr\u00e9tation des entit\u00e9s comp\u00e9tentes elles-m\u00eames ;  <\/span>\n\t\t\t\t\t\t\t\t\t<\/li>\n\t\t\t\t\t\t\t\t<li class=\"elementor-icon-list-item\">\n\t\t\t\t\t\t\t\t\t\t\t<span class=\"elementor-icon-list-icon\">\n\t\t\t\t\t\t\t<i aria-hidden=\"true\" class=\"fas fa-check\"><\/i>\t\t\t\t\t\t<\/span>\n\t\t\t\t\t\t\t\t\t\t<span class=\"elementor-icon-list-text\">la cr\u00e9ation d'un organe sp\u00e9cial, le Conseil de protection des donn\u00e9es, charg\u00e9 de traiter les plaintes non r\u00e9solues et d'imposer \u00e9ventuellement des amendes mat\u00e9rielles, avec des recommandations visant \u00e0 interdire les applications et les services aux r\u00e9cidivistes ;  <\/span>\n\t\t\t\t\t\t\t\t\t<\/li>\n\t\t\t\t\t\t\t\t<li class=\"elementor-icon-list-item\">\n\t\t\t\t\t\t\t\t\t\t\t<span class=\"elementor-icon-list-icon\">\n\t\t\t\t\t\t\t<i aria-hidden=\"true\" class=\"fas fa-check\"><\/i>\t\t\t\t\t\t<\/span>\n\t\t\t\t\t\t\t\t\t\t<span class=\"elementor-icon-list-text\">la mise en place de recours aupr\u00e8s du Telecom Disputes Settlement and Appellate Tribunal, puis de la Cour supr\u00eame. Le projet de loi pr\u00e9voit la cr\u00e9ation d'une riche source de jurisprudence concernant la vie priv\u00e9e, qui est essentiellement un droit constitutionnel fondamental.  <\/span>\n\t\t\t\t\t\t\t\t\t<\/li>\n\t\t\t\t\t\t<\/ul>\n\t\t\t\t\t\t<\/div>\n\t\t\t\t<\/div>\n\t\t\t\t\t<\/div>\n\t\t<\/div>\n\t\t\t\t\t<\/div>\n\t\t<\/section>\n\t\t\t\t<section class=\"elementor-section elementor-top-section elementor-element elementor-element-1bd5030c elementor-section-content-middle elementor-reverse-tablet elementor-reverse-mobile elementor-section-boxed elementor-section-height-default elementor-section-height-default\" data-id=\"1bd5030c\" data-element_type=\"section\" data-e-type=\"section\">\n\t\t\t\t\t\t<div class=\"elementor-container elementor-column-gap-default\">\n\t\t\t\t\t<div class=\"elementor-column elementor-col-100 elementor-top-column elementor-element elementor-element-54ca9911 elementor-invisible\" data-id=\"54ca9911\" data-element_type=\"column\" data-e-type=\"column\" data-settings=\"{&quot;animation&quot;:&quot;fadeIn&quot;}\">\n\t\t\t<div class=\"elementor-widget-wrap elementor-element-populated\">\n\t\t\t\t\t\t<div class=\"elementor-element elementor-element-2747b918 elementor-invisible elementor-widget elementor-widget-heading\" data-id=\"2747b918\" data-element_type=\"widget\" data-e-type=\"widget\" data-settings=\"{&quot;_animation&quot;:&quot;fadeInUp&quot;}\" data-widget_type=\"heading.default\">\n\t\t\t\t<div class=\"elementor-widget-container\">\n\t\t\t\t\t<h2 class=\"elementor-heading-title elementor-size-default\">  Protection et \u00e9quilibre pour le traitement des donn\u00e9es dans un monde en ligne<\/h2>\t\t\t\t<\/div>\n\t\t\t\t<\/div>\n\t\t\t\t<div class=\"elementor-element elementor-element-7ea9274d elementor-widget__width-initial elementor-invisible elementor-widget elementor-widget-text-editor\" data-id=\"7ea9274d\" data-element_type=\"widget\" data-e-type=\"widget\" data-settings=\"{&quot;_animation&quot;:&quot;fadeInUp&quot;}\" data-widget_type=\"text-editor.default\">\n\t\t\t\t<div class=\"elementor-widget-container\">\n\t\t\t\t\t\t\t\t\t<p><span data-contrast=\"auto\">Le projet de loi pr\u00e9voit qu&rsquo;il s&rsquo;applique au \u00ab\u00a0traitement des donn\u00e9es num\u00e9riques \u00e0 caract\u00e8re personnel en Inde lorsque ces donn\u00e9es sont collect\u00e9es en ligne ou collect\u00e9es et num\u00e9ris\u00e9es hors ligne\u00a0\u00bb, ainsi qu&rsquo;au \u00ab\u00a0traitement en dehors de l&rsquo;Inde lorsqu&rsquo;il s&rsquo;agit d&rsquo;offrir des biens ou des services ou d&rsquo;\u00e9tablir le profil d&rsquo;individus en Inde\u00a0\u00bb. \u00c0 l&rsquo;instar du GDPR, le projet de loi est con\u00e7u pour prot\u00e9ger les personnes relevant de son champ d&rsquo;application, m\u00eame lorsque leurs donn\u00e9es sont trait\u00e9es par des entreprises ou d&rsquo;autres contr\u00f4leurs de donn\u00e9es en dehors de l&rsquo;Inde. Il vise \u00e9galement \u00e0 \u00e9tablir un \u00e9quilibre entre le droit des personnes \u00e0 la protection de leur vie priv\u00e9e et les besoins l\u00e9gitimes des responsables du traitement des donn\u00e9es.<\/span><span data-ccp-props=\"{\"335551550\":6,\"335551620\":6}\"> <\/span><\/p><h3 style=\"text-align: left;\">Droits et r\u00e8glements en vertu de la loi indienne sur la protection des donn\u00e9es personnelles<\/h3><p><span data-contrast=\"auto\">La PDPB d\u00e9finit le terme \u00ab\u00a0donn\u00e9es \u00e0 caract\u00e8re personnel\u00a0\u00bb comme suit : \u00ab\u00a0toute donn\u00e9e concernant une personne physique identifiable par ces donn\u00e9es ou en relation avec elles\u00a0\u00bb. Le projet de loi ne s&rsquo;appliquant qu&rsquo;aux donn\u00e9es personnelles num\u00e9ris\u00e9es, il ne couvre pas certains domaines, notamment les donn\u00e9es anonymes, les donn\u00e9es non num\u00e9ris\u00e9es et les donn\u00e9es non personnelles.  <\/span><span data-ccp-props=\"{\"335551550\":6,\"335551620\":6}\"> <\/span><\/p><p><span data-contrast=\"auto\">La PDPB d\u00e9finit les droits des personnes plac\u00e9es sous sa protection, les r\u00e8gles auxquelles les responsables du traitement des donn\u00e9es doivent se conformer, les voies de recours en cas de non-respect et le r\u00e8glement des plaintes.<\/span><span data-ccp-props=\"{\"335551550\":6,\"335551620\":6}\"> <\/span><\/p>\t\t\t\t\t\t\t\t<\/div>\n\t\t\t\t<\/div>\n\t\t\t\t\t<\/div>\n\t\t<\/div>\n\t\t\t\t\t<\/div>\n\t\t<\/section>\n\t\t\t\t<section class=\"elementor-section elementor-top-section elementor-element elementor-element-977ac9b elementor-section-boxed elementor-section-height-default elementor-section-height-default\" data-id=\"977ac9b\" data-element_type=\"section\" data-e-type=\"section\">\n\t\t\t\t\t\t<div class=\"elementor-container elementor-column-gap-default\">\n\t\t\t\t\t<div class=\"elementor-column elementor-col-100 elementor-top-column elementor-element elementor-element-6a0de73\" data-id=\"6a0de73\" data-element_type=\"column\" data-e-type=\"column\">\n\t\t\t<div class=\"elementor-widget-wrap elementor-element-populated\">\n\t\t\t\t\t\t<div class=\"elementor-element elementor-element-0638f9d elementor-widget elementor-widget-image\" data-id=\"0638f9d\" data-element_type=\"widget\" data-e-type=\"widget\" data-widget_type=\"image.default\">\n\t\t\t\t<div class=\"elementor-widget-container\">\n\t\t\t\t\t\t\t\t\t\t\t\t\t\t\t<img decoding=\"async\" width=\"301\" height=\"227\" src=\"https:\/\/dpoassociates.eu\/wp-content\/uploads\/2023\/08\/character-1.png\" class=\"attachment-large size-large wp-image-10942\" alt=\"\" \/>\t\t\t\t\t\t\t\t\t\t\t\t\t\t\t<\/div>\n\t\t\t\t<\/div>\n\t\t\t\t\t<\/div>\n\t\t<\/div>\n\t\t\t\t\t<\/div>\n\t\t<\/section>\n\t\t\t\t<section class=\"elementor-section elementor-top-section elementor-element elementor-element-56adbab2 elementor-section-content-middle elementor-section-boxed elementor-section-height-default elementor-section-height-default\" data-id=\"56adbab2\" data-element_type=\"section\" data-e-type=\"section\">\n\t\t\t\t\t\t<div class=\"elementor-container elementor-column-gap-default\">\n\t\t\t\t\t<div class=\"elementor-column elementor-col-100 elementor-top-column elementor-element elementor-element-5476ac89 elementor-invisible\" data-id=\"5476ac89\" data-element_type=\"column\" data-e-type=\"column\" data-settings=\"{&quot;animation&quot;:&quot;fadeIn&quot;}\">\n\t\t\t<div class=\"elementor-widget-wrap elementor-element-populated\">\n\t\t\t\t\t\t<div class=\"elementor-element elementor-element-7c5875d elementor-invisible elementor-widget elementor-widget-heading\" data-id=\"7c5875d\" data-element_type=\"widget\" data-e-type=\"widget\" data-settings=\"{&quot;_animation&quot;:&quot;fadeInUp&quot;}\" data-widget_type=\"heading.default\">\n\t\t\t\t<div class=\"elementor-widget-container\">\n\t\t\t\t\t<h2 class=\"elementor-heading-title elementor-size-default\">Similitudes et diff\u00e9rences entre le GDPR et le PDPB  \n <\/h2>\t\t\t\t<\/div>\n\t\t\t\t<\/div>\n\t\t\t\t<div class=\"elementor-element elementor-element-6eeee0fe elementor-widget__width-initial elementor-invisible elementor-widget elementor-widget-text-editor\" data-id=\"6eeee0fe\" data-element_type=\"widget\" data-e-type=\"widget\" data-settings=\"{&quot;_animation&quot;:&quot;fadeInUp&quot;,&quot;_animation_delay&quot;:200}\" data-widget_type=\"text-editor.default\">\n\t\t\t\t<div class=\"elementor-widget-container\">\n\t\t\t\t\t\t\t\t\t<p><span data-contrast=\"auto\">Le GDPR \u00e9tant bien connu et bien \u00e9tabli, il est n\u00e9cessaire de comparer les dispositions politiques du nouveau PDPB avec le GDPR. Voici quelques points cl\u00e9s :<\/span><span data-ccp-props=\"{\"335551550\":6,\"335551620\":6}\">&nbsp;<\/span><span data-ccp-props=\"{\"335551550\":6,\"335551620\":6}\">&nbsp;<\/span><\/p>\n<ul>\n<li data-leveltext=\"%1.\" data-font=\"Calibri\" data-listid=\"2\" data-list-defn-props=\"{\"335552541\":0,\"335559684\":-1,\"335559685\":720,\"335559991\":360,\"469769242\":[65533,0],\"469777803\":\"left\",\"469777804\":\"%1.\",\"469777815\":\"hybridMultilevel\"}\" aria-setsize=\"-1\" data-aria-posinset=\"1\" data-aria-level=\"1\">\n<h4><span data-contrast=\"none\">Droits de l&rsquo;enfant<\/span><span data-ccp-props=\"{\"134245418\":true,\"134245529\":true,\"335551550\":6,\"335551620\":6,\"335559738\":40}\">&nbsp;<\/span><\/h4>\n<\/li>\n<\/ul>\n<p><span data-contrast=\"auto\">Le GDPR et le PDPB&nbsp; contiennent tous deux des dispositions sp\u00e9cifiques concernant les droits des enfants en mati\u00e8re de protection des donn\u00e9es, mais il existe des diff\u00e9rences significatives. Par exemple, le GDPR fixe l&rsquo;\u00e2ge de la majorit\u00e9 \u00e0 16 ans et le PDPB \u00e0 18 ans.&nbsp;<\/span><span data-ccp-props=\"{\"335551550\":6,\"335551620\":6}\">&nbsp;<\/span><\/p>\n<ul>\n<li data-leveltext=\"%1.\" data-font=\"Calibri\" data-listid=\"2\" data-list-defn-props=\"{\"335552541\":0,\"335559684\":-1,\"335559685\":720,\"335559991\":360,\"469769242\":[65533,0],\"469777803\":\"left\",\"469777804\":\"%1.\",\"469777815\":\"hybridMultilevel\"}\" aria-setsize=\"-1\" data-aria-posinset=\"2\" data-aria-level=\"1\">\n<h4><span data-contrast=\"none\">Classification des donn\u00e9es \u00e0 caract\u00e8re personnel<\/span><span data-ccp-props=\"{\"134245418\":true,\"134245529\":true,\"335551550\":6,\"335551620\":6,\"335559738\":40}\">&nbsp;<\/span><\/h4>\n<\/li>\n<\/ul>\n<p><span data-contrast=\"auto\">Le GDPR classe les donn\u00e9es personnelles en sous-groupes tels que la race, l&rsquo;ethnie, la politique, la religion et le handicap ; certaines cat\u00e9gories sont soumises \u00e0 des r\u00e8gles de conformit\u00e9 diff\u00e9rentes ou plus strictes que les donn\u00e9es personnelles en g\u00e9n\u00e9ral. En revanche, la PDPB se concentre sur la grande cat\u00e9gorie des donn\u00e9es \u00e0 caract\u00e8re personnel, car aucun sous-ensemble de donn\u00e9es n&rsquo;est plus sensible ou mieux prot\u00e9g\u00e9 qu&rsquo;un autre.<\/span><span data-ccp-props=\"{\"335551550\":6,\"335551620\":6}\">&nbsp;<\/span><\/p>\n<ul>\n<li data-leveltext=\"%1.\" data-font=\"Calibri\" data-listid=\"2\" data-list-defn-props=\"{\"335552541\":0,\"335559684\":-1,\"335559685\":720,\"335559991\":360,\"469769242\":[65533,0],\"469777803\":\"left\",\"469777804\":\"%1.\",\"469777815\":\"hybridMultilevel\"}\" aria-setsize=\"-1\" data-aria-posinset=\"3\" data-aria-level=\"1\">\n<h4><span data-contrast=\"none\">Gestion des donn\u00e9es&nbsp;<\/span><span data-ccp-props=\"{\"134245418\":true,\"134245529\":true,\"335551550\":6,\"335551620\":6,\"335559738\":40}\">&nbsp;<\/span><\/h4>\n<\/li>\n<\/ul>\n<p><span data-contrast=\"auto\">En vertu du GDPR, la personne responsable de la gestion et du contr\u00f4le des donn\u00e9es est appel\u00e9e le responsable du traitement des donn\u00e9es. Le GDPR ne pr\u00e9voit pas de cat\u00e9gories suppl\u00e9mentaires ou d&rsquo;exigences uniques pour des sous-ensembles particuliers. D&rsquo;autre part, la PDPB pr\u00e9voit \u00e9galement la cat\u00e9gorie des \u00ab\u00a0S<\/span><i><span data-contrast=\"auto\">Donn\u00e9es significatives Fiduciares\u00a0\u00bb (<\/span><\/i><span data-contrast=\"auto\">SDF), vous recevez une notification SDF lorsque vous traitez des donn\u00e9es \u00e0 caract\u00e8re personnel qui pourraient causer un pr\u00e9judice \u00e0 la personne concern\u00e9e en raison de leur sensibilit\u00e9 et de leur volume. La PDPB exige des responsables de cette cat\u00e9gorie qu&rsquo;ils satisfassent \u00e0 des exigences plus strictes. L&#8217;emploi d&rsquo;un d\u00e9l\u00e9gu\u00e9 \u00e0 la protection des donn\u00e9es (DPD) charg\u00e9 de superviser le traitement des plaintes, l&rsquo;engagement d&rsquo;un auditeur de donn\u00e9es ind\u00e9pendant et la r\u00e9alisation d&rsquo;\u00e9valuations de l&rsquo;impact sur la protection des donn\u00e9es (DPIA) en sont des exemples.<\/span><span data-ccp-props=\"{\"335551550\":6,\"335551620\":6}\">&nbsp;<\/span><\/p>\n<p><span data-ccp-props=\"{\"335551550\":6,\"335551620\":6}\">&nbsp;<\/span><\/p>\t\t\t\t\t\t\t\t<\/div>\n\t\t\t\t<\/div>\n\t\t\t\t\t<\/div>\n\t\t<\/div>\n\t\t\t\t\t<\/div>\n\t\t<\/section>\n\t\t\t\t<section class=\"elementor-section elementor-top-section elementor-element elementor-element-4dbaefca elementor-section-boxed elementor-section-height-default elementor-section-height-default\" data-id=\"4dbaefca\" data-element_type=\"section\" data-e-type=\"section\">\n\t\t\t\t\t\t<div class=\"elementor-container elementor-column-gap-default\">\n\t\t\t\t\t<div class=\"elementor-column elementor-col-100 elementor-top-column elementor-element elementor-element-778affda\" data-id=\"778affda\" data-element_type=\"column\" data-e-type=\"column\">\n\t\t\t<div class=\"elementor-widget-wrap elementor-element-populated\">\n\t\t\t\t\t\t<div class=\"elementor-element elementor-element-7acbf9 elementor-invisible elementor-widget elementor-widget-heading\" data-id=\"7acbf9\" data-element_type=\"widget\" data-e-type=\"widget\" data-settings=\"{&quot;_animation&quot;:&quot;fadeInUp&quot;}\" data-widget_type=\"heading.default\">\n\t\t\t\t<div class=\"elementor-widget-container\">\n\t\t\t\t\t<h2 class=\"elementor-heading-title elementor-size-default\">Conclusion<\/h2>\t\t\t\t<\/div>\n\t\t\t\t<\/div>\n\t\t\t\t\t<\/div>\n\t\t<\/div>\n\t\t\t\t\t<\/div>\n\t\t<\/section>\n\t\t\t\t<section class=\"elementor-section elementor-top-section elementor-element elementor-element-ad13341 elementor-section-boxed elementor-section-height-default elementor-section-height-default\" data-id=\"ad13341\" data-element_type=\"section\" data-e-type=\"section\">\n\t\t\t\t\t\t<div class=\"elementor-container elementor-column-gap-default\">\n\t\t\t\t\t<div class=\"elementor-column elementor-col-100 elementor-top-column elementor-element elementor-element-64a5a5a\" data-id=\"64a5a5a\" data-element_type=\"column\" data-e-type=\"column\">\n\t\t\t<div class=\"elementor-widget-wrap elementor-element-populated\">\n\t\t\t\t\t\t<div class=\"elementor-element elementor-element-1cf0fa9 elementor-widget elementor-widget-text-editor\" data-id=\"1cf0fa9\" data-element_type=\"widget\" data-e-type=\"widget\" data-widget_type=\"text-editor.default\">\n\t\t\t\t<div class=\"elementor-widget-container\">\n\t\t\t\t\t\t\t\t\t<p style=\"text-align: center;\"><em><span class=\"TextRun SCXW213468952 BCX4\" lang=\"NL-NL\" xml:lang=\"NL-NL\" data-contrast=\"auto\"><span class=\"NormalTextRun SCXW213468952 BCX4\">Des efforts sont d\u00e9ploy\u00e9s depuis des ann\u00e9es pour <\/span><span class=\"NormalTextRun SCXW213468952 BCX4\">ad\u00e9quate<\/span><span class=\"NormalTextRun SCXW213468952 BCX4\"> l\u00e9gislation relative \u00e0 la protection des donn\u00e9es<\/span><span class=\"NormalTextRun SCXW213468952 BCX4\">r<\/span><span class=\"NormalTextRun SCXW213468952 BCX4\">en Inde. <\/span><span class=\"NormalTextRun SCXW213468952 BCX4\">l&rsquo;Inde.<\/span><span class=\"NormalTextRun SCXW213468952 BCX4\"> La version actuelle du projet de loi refl\u00e8te la quantit\u00e9 d&rsquo;efforts et de discussions qui y ont \u00e9t\u00e9 consacr\u00e9s, et son adoption permettrait \u00e0 l&rsquo;Inde de se doter enfin d&rsquo;une l\u00e9gislation ad\u00e9quate en mati\u00e8re de protection des donn\u00e9es.<\/span><span class=\"NormalTextRun SCXW213468952 BCX4\"> enfin <\/span><span class=\"NormalTextRun SCXW213468952 BCX4\">a <\/span><span class=\"NormalTextRun SCXW213468952 BCX4\">une loi<\/span><span class=\"NormalTextRun SCXW213468952 BCX4\"> loi sur la <\/span><span class=\"NormalTextRun SpellingErrorV2Themed SCXW213468952 BCX4\">confidentialit\u00e9 des donn\u00e9es<\/span><span class=\"NormalTextRun SCXW213468952 BCX4\">  devra prot\u00e9ger les plus de 760 millions d&rsquo;utilisateurs actifs de l&rsquo;internet dans le pays. Comprendre la  <\/span><span class=\"NormalTextRun SCXW213468952 BCX4\">dispositions<\/span><span class=\"NormalTextRun SCXW213468952 BCX4\"> et les proc\u00e9dures de la PDPB sont cruciales pour toute organisation traitant des donn\u00e9es personnelles en Inde, y compris pour de nombreuses entreprises multinationales.<\/span><\/span><span class=\"EOP SCXW213468952 BCX4\" data-ccp-props=\"{\"335551550\":6,\"335551620\":6}\"> <\/span><\/em><\/p>\t\t\t\t\t\t\t\t<\/div>\n\t\t\t\t<\/div>\n\t\t\t\t\t<\/div>\n\t\t<\/div>\n\t\t\t\t\t<\/div>\n\t\t<\/section>\n\t\t\t\t<section class=\"elementor-section elementor-top-section elementor-element elementor-element-2786b29 elementor-section-boxed elementor-section-height-default elementor-section-height-default\" data-id=\"2786b29\" data-element_type=\"section\" data-e-type=\"section\">\n\t\t\t\t\t\t<div class=\"elementor-container elementor-column-gap-default\">\n\t\t\t\t\t<div class=\"elementor-column elementor-col-100 elementor-top-column elementor-element elementor-element-f92ae4b\" data-id=\"f92ae4b\" data-element_type=\"column\" data-e-type=\"column\">\n\t\t\t<div class=\"elementor-widget-wrap elementor-element-populated\">\n\t\t\t\t\t\t<div class=\"elementor-element elementor-element-75e2422 elementor-align-center elementor-widget elementor-widget-global elementor-global-19699 elementor-global-8660 elementor-widget-button\" data-id=\"75e2422\" data-element_type=\"widget\" data-e-type=\"widget\" data-widget_type=\"button.default\">\n\t\t\t\t<div class=\"elementor-widget-container\">\n\t\t\t\t\t\t\t\t\t<div class=\"elementor-button-wrapper\">\n\t\t\t\t\t<a class=\"elementor-button elementor-button-link elementor-size-md\" href=\"https:\/\/dpoassociates.eu\/fr\/dpo-comme-personne-de-contact\/\">\n\t\t\t\t\t\t<span class=\"elementor-button-content-wrapper\">\n\t\t\t\t\t\t\t\t\t<span class=\"elementor-button-text\">DPD<\/span>\n\t\t\t\t\t<\/span>\n\t\t\t\t\t<\/a>\n\t\t\t\t<\/div>\n\t\t\t\t\t\t\t\t<\/div>\n\t\t\t\t<\/div>\n\t\t\t\t\t<\/div>\n\t\t<\/div>\n\t\t\t\t\t<\/div>\n\t\t<\/section>\n\t\t\t\t<section class=\"elementor-section elementor-top-section elementor-element elementor-element-a5abc08 elementor-section-boxed elementor-section-height-default elementor-section-height-default\" data-id=\"a5abc08\" data-element_type=\"section\" data-e-type=\"section\">\n\t\t\t\t\t\t<div class=\"elementor-container elementor-column-gap-default\">\n\t\t\t\t\t<div class=\"elementor-column elementor-col-100 elementor-top-column elementor-element elementor-element-0be2583\" data-id=\"0be2583\" data-element_type=\"column\" data-e-type=\"column\">\n\t\t\t<div class=\"elementor-widget-wrap elementor-element-populated\">\n\t\t\t\t\t\t<div class=\"elementor-element elementor-element-5e32063 elementor-grid-3 elementor-grid-tablet-2 elementor-grid-mobile-1 elementor-posts--thumbnail-top elementor-card-shadow-yes elementor-posts__hover-gradient elementor-widget elementor-widget-global elementor-global-19691 elementor-global-8663 elementor-widget-posts\" data-id=\"5e32063\" data-element_type=\"widget\" data-e-type=\"widget\" data-settings=\"{&quot;cards_columns&quot;:&quot;3&quot;,&quot;cards_columns_tablet&quot;:&quot;2&quot;,&quot;cards_columns_mobile&quot;:&quot;1&quot;,&quot;cards_row_gap&quot;:{&quot;unit&quot;:&quot;px&quot;,&quot;size&quot;:35,&quot;sizes&quot;:[]},&quot;cards_row_gap_tablet&quot;:{&quot;unit&quot;:&quot;px&quot;,&quot;size&quot;:&quot;&quot;,&quot;sizes&quot;:[]},&quot;cards_row_gap_mobile&quot;:{&quot;unit&quot;:&quot;px&quot;,&quot;size&quot;:&quot;&quot;,&quot;sizes&quot;:[]}}\" data-widget_type=\"posts.cards\">\n\t\t\t\t<div class=\"elementor-widget-container\">\n\t\t\t\t\t\t\t<div class=\"elementor-posts-container elementor-posts elementor-posts--skin-cards elementor-grid\" role=\"list\">\n\t\t\t\t<article class=\"elementor-post elementor-grid-item post-21898 post type-post status-publish format-standard has-post-thumbnail hentry category-non-classifiee\" role=\"listitem\">\n\t\t\t<div class=\"elementor-post__card\">\n\t\t\t\t<a class=\"elementor-post__thumbnail__link\" href=\"https:\/\/dpoassociates.eu\/fr\/gdpr-international-data-transfers-sccs-data-processing-agreements-en-anglais\/\" tabindex=\"-1\" target=\"_blank\"><div class=\"elementor-post__thumbnail\"><img decoding=\"async\" width=\"240\" height=\"300\" src=\"https:\/\/dpoassociates.eu\/wp-content\/uploads\/2026\/01\/Ontwerp-zonder-titel-51-240x300.png\" class=\"attachment-medium size-medium wp-image-21896\" alt=\"contractual clauses\" srcset=\"https:\/\/dpoassociates.eu\/wp-content\/uploads\/2026\/01\/Ontwerp-zonder-titel-51-240x300.png 240w, https:\/\/dpoassociates.eu\/wp-content\/uploads\/2026\/01\/Ontwerp-zonder-titel-51-819x1024.png 819w, https:\/\/dpoassociates.eu\/wp-content\/uploads\/2026\/01\/Ontwerp-zonder-titel-51-768x960.png 768w, https:\/\/dpoassociates.eu\/wp-content\/uploads\/2026\/01\/Ontwerp-zonder-titel-51-520x650.png 520w, https:\/\/dpoassociates.eu\/wp-content\/uploads\/2026\/01\/Ontwerp-zonder-titel-51.png 1080w\" sizes=\"(max-width: 240px) 100vw, 240px\" \/><\/div><\/a>\n\t\t\t\t<div class=\"elementor-post__badge\">Non classifi\u00e9(e)<\/div>\n\t\t\t\t<div class=\"elementor-post__text\">\n\t\t\t\t<h3 class=\"elementor-post__title\">\n\t\t\t<a href=\"https:\/\/dpoassociates.eu\/fr\/gdpr-international-data-transfers-sccs-data-processing-agreements-en-anglais\/\" target=&quot;_blank&quot;>\n\t\t\t\tGDPR International Data Transfers &#8211; SCCs &amp; Data Processing Agreements (en anglais)\t\t\t<\/a>\n\t\t<\/h3>\n\t\t\n\t\t<a class=\"elementor-post__read-more\" href=\"https:\/\/dpoassociates.eu\/fr\/gdpr-international-data-transfers-sccs-data-processing-agreements-en-anglais\/\" aria-label=\"En savoir plus sur GDPR International Data Transfers &#8211; SCCs &amp; Data Processing Agreements (en anglais)\" tabindex=\"-1\" target=\"_blank\">\n\t\t\tLire la suite \"\t\t<\/a>\n\n\t\t\t\t<\/div>\n\t\t\t\t\t<\/div>\n\t\t<\/article>\n\t\t\t\t<article class=\"elementor-post elementor-grid-item post-21812 post type-post status-publish format-standard has-post-thumbnail hentry category-non-classifiee\" role=\"listitem\">\n\t\t\t<div class=\"elementor-post__card\">\n\t\t\t\t<a class=\"elementor-post__thumbnail__link\" href=\"https:\/\/dpoassociates.eu\/fr\/pourquoi-il-est-preferable-que-chaque-entreprise-designe-un-dpd\/\" tabindex=\"-1\" target=\"_blank\"><div class=\"elementor-post__thumbnail\"><img loading=\"lazy\" decoding=\"async\" width=\"300\" height=\"169\" src=\"https:\/\/dpoassociates.eu\/wp-content\/uploads\/2025\/07\/Cream-and-Brown-Photographic-Beauty-Site-Launch-Website-300x169.png\" class=\"attachment-medium size-medium wp-image-21757\" alt=\"dpo belgie , dpo danny baerts\" srcset=\"https:\/\/dpoassociates.eu\/wp-content\/uploads\/2025\/07\/Cream-and-Brown-Photographic-Beauty-Site-Launch-Website-300x169.png 300w, https:\/\/dpoassociates.eu\/wp-content\/uploads\/2025\/07\/Cream-and-Brown-Photographic-Beauty-Site-Launch-Website-1024x576.png 1024w, https:\/\/dpoassociates.eu\/wp-content\/uploads\/2025\/07\/Cream-and-Brown-Photographic-Beauty-Site-Launch-Website-768x432.png 768w, https:\/\/dpoassociates.eu\/wp-content\/uploads\/2025\/07\/Cream-and-Brown-Photographic-Beauty-Site-Launch-Website-650x365.png 650w, https:\/\/dpoassociates.eu\/wp-content\/uploads\/2025\/07\/Cream-and-Brown-Photographic-Beauty-Site-Launch-Website.png 1366w\" sizes=\"(max-width: 300px) 100vw, 300px\" \/><\/div><\/a>\n\t\t\t\t<div class=\"elementor-post__badge\">Non classifi\u00e9(e)<\/div>\n\t\t\t\t<div class=\"elementor-post__text\">\n\t\t\t\t<h3 class=\"elementor-post__title\">\n\t\t\t<a href=\"https:\/\/dpoassociates.eu\/fr\/pourquoi-il-est-preferable-que-chaque-entreprise-designe-un-dpd\/\" target=&quot;_blank&quot;>\n\t\t\t\tPourquoi il est pr\u00e9f\u00e9rable que chaque entreprise d\u00e9signe un DPD\t\t\t<\/a>\n\t\t<\/h3>\n\t\t\n\t\t<a class=\"elementor-post__read-more\" href=\"https:\/\/dpoassociates.eu\/fr\/pourquoi-il-est-preferable-que-chaque-entreprise-designe-un-dpd\/\" aria-label=\"En savoir plus sur Pourquoi il est pr\u00e9f\u00e9rable que chaque entreprise d\u00e9signe un DPD\" tabindex=\"-1\" target=\"_blank\">\n\t\t\tLire la suite \"\t\t<\/a>\n\n\t\t\t\t<\/div>\n\t\t\t\t\t<\/div>\n\t\t<\/article>\n\t\t\t\t<article class=\"elementor-post elementor-grid-item post-21671 post type-post status-publish format-standard has-post-thumbnail hentry category-general-fr category-non-classifiee\" role=\"listitem\">\n\t\t\t<div class=\"elementor-post__card\">\n\t\t\t\t<a class=\"elementor-post__thumbnail__link\" href=\"https:\/\/dpoassociates.eu\/fr\/dpd-externe-pour-les-enqueteurs-prives-et-les-enqueteurs-dassurance\/\" tabindex=\"-1\" target=\"_blank\"><div class=\"elementor-post__thumbnail\"><img loading=\"lazy\" decoding=\"async\" width=\"300\" height=\"300\" src=\"https:\/\/dpoassociates.eu\/wp-content\/uploads\/2025\/05\/Ontwerp-zonder-titel-47-300x300.png\" class=\"attachment-medium size-medium wp-image-21666\" alt=\"gdpr privedetective\" srcset=\"https:\/\/dpoassociates.eu\/wp-content\/uploads\/2025\/05\/Ontwerp-zonder-titel-47-300x300.png 300w, https:\/\/dpoassociates.eu\/wp-content\/uploads\/2025\/05\/Ontwerp-zonder-titel-47-1024x1024.png 1024w, https:\/\/dpoassociates.eu\/wp-content\/uploads\/2025\/05\/Ontwerp-zonder-titel-47-150x150.png 150w, https:\/\/dpoassociates.eu\/wp-content\/uploads\/2025\/05\/Ontwerp-zonder-titel-47-768x768.png 768w, https:\/\/dpoassociates.eu\/wp-content\/uploads\/2025\/05\/Ontwerp-zonder-titel-47-650x650.png 650w, https:\/\/dpoassociates.eu\/wp-content\/uploads\/2025\/05\/Ontwerp-zonder-titel-47.png 1080w\" sizes=\"(max-width: 300px) 100vw, 300px\" \/><\/div><\/a>\n\t\t\t\t<div class=\"elementor-post__badge\">G\u00e9n\u00e9ral<\/div>\n\t\t\t\t<div class=\"elementor-post__text\">\n\t\t\t\t<h3 class=\"elementor-post__title\">\n\t\t\t<a href=\"https:\/\/dpoassociates.eu\/fr\/dpd-externe-pour-les-enqueteurs-prives-et-les-enqueteurs-dassurance\/\" target=&quot;_blank&quot;>\n\t\t\t\tDPD pour les enqu\u00eateurs priv\u00e9s et les enqu\u00eateurs d&rsquo;assurance\t\t\t<\/a>\n\t\t<\/h3>\n\t\t\n\t\t<a class=\"elementor-post__read-more\" href=\"https:\/\/dpoassociates.eu\/fr\/dpd-externe-pour-les-enqueteurs-prives-et-les-enqueteurs-dassurance\/\" aria-label=\"En savoir plus sur DPD pour les enqu\u00eateurs priv\u00e9s et les enqu\u00eateurs d&rsquo;assurance\" tabindex=\"-1\" target=\"_blank\">\n\t\t\tLire la suite \"\t\t<\/a>\n\n\t\t\t\t<\/div>\n\t\t\t\t\t<\/div>\n\t\t<\/article>\n\t\t\t\t<\/div>\n\t\t\n\t\t\t\t\t\t<\/div>\n\t\t\t\t<\/div>\n\t\t\t\t\t<\/div>\n\t\t<\/div>\n\t\t\t\t\t<\/div>\n\t\t<\/section>\n\t\t\t\t<\/div>\n\t\t","protected":false},"excerpt":{"rendered":"<p>Le projet de loi indien sur la protection des donn\u00e9es (PDPB) et son impact sur les transferts transfrontaliers de donn\u00e9es avec les<\/p>\n","protected":false},"author":1,"featured_media":11167,"comment_status":"closed","ping_status":"closed","sticky":false,"template":"","format":"standard","meta":{"_eb_attr":"","footnotes":""},"categories":[139,60],"tags":[],"class_list":["post-11220","post","type-post","status-publish","format-standard","has-post-thumbnail","hentry","category-general-fr","category-non-classifiee"],"yoast_head":"<!-- This site is optimized with the Yoast SEO Premium plugin v25.8 (Yoast SEO v27.2) - https:\/\/yoast.com\/product\/yoast-seo-premium-wordpress\/ -->\n<title>La PDPB indienne et le transfert de donn\u00e9es aux entreprises de l&#039;UE<\/title>\n<meta name=\"description\" content=\"Le projet de loi indien sur la protection des donn\u00e9es (PDPB) et son impact sur les transferts transfrontaliers de donn\u00e9es avec les entreprises de l&#039;UE\" \/>\n<meta name=\"robots\" content=\"index, follow, max-snippet:-1, max-image-preview:large, max-video-preview:-1\" \/>\n<link rel=\"canonical\" href=\"https:\/\/dpoassociates.eu\/fr\/la-pdpb-indienne-et-le-transfert-transfrontalier-de-donnees-aux-entreprises-de-lue\/\" \/>\n<meta property=\"og:locale\" content=\"fr_FR\" \/>\n<meta property=\"og:type\" content=\"article\" \/>\n<meta property=\"og:title\" content=\"La PDPB indienne et le transfert transfrontalier de donn\u00e9es aux entreprises de l&#039;UE\" \/>\n<meta property=\"og:description\" content=\"Le projet de loi indien sur la protection des donn\u00e9es (PDPB) et son impact sur les transferts transfrontaliers de donn\u00e9es avec les entreprises de l&#039;UE\" \/>\n<meta property=\"og:url\" content=\"https:\/\/dpoassociates.eu\/fr\/la-pdpb-indienne-et-le-transfert-transfrontalier-de-donnees-aux-entreprises-de-lue\/\" \/>\n<meta property=\"og:site_name\" content=\"DPO Associates\" \/>\n<meta property=\"article:publisher\" content=\"https:\/\/www.facebook.com\/profile.php?id=100083400514207\" \/>\n<meta property=\"article:published_time\" content=\"2023-08-16T09:46:27+00:00\" \/>\n<meta property=\"article:modified_time\" content=\"2025-02-27T13:31:28+00:00\" \/>\n<meta property=\"og:image\" content=\"https:\/\/dpoassociates.eu\/wp-content\/uploads\/2023\/08\/fintech-dot-map-1.png\" \/>\n\t<meta property=\"og:image:width\" content=\"2220\" \/>\n\t<meta property=\"og:image:height\" content=\"1088\" \/>\n\t<meta property=\"og:image:type\" content=\"image\/png\" \/>\n<meta name=\"author\" content=\"admin\" \/>\n<meta name=\"twitter:card\" content=\"summary_large_image\" \/>\n<meta name=\"twitter:label1\" content=\"\u00c9crit par\" \/>\n\t<meta name=\"twitter:data1\" content=\"admin\" \/>\n\t<meta name=\"twitter:label2\" content=\"Dur\u00e9e de lecture estim\u00e9e\" \/>\n\t<meta name=\"twitter:data2\" content=\"7 minutes\" \/>\n<script type=\"application\/ld+json\" class=\"yoast-schema-graph\">{\"@context\":\"https:\/\/schema.org\",\"@graph\":[{\"@type\":\"Article\",\"@id\":\"https:\/\/dpoassociates.eu\/fr\/la-pdpb-indienne-et-le-transfert-transfrontalier-de-donnees-aux-entreprises-de-lue\/#article\",\"isPartOf\":{\"@id\":\"https:\/\/dpoassociates.eu\/fr\/la-pdpb-indienne-et-le-transfert-transfrontalier-de-donnees-aux-entreprises-de-lue\/\"},\"author\":{\"name\":\"admin\",\"@id\":\"https:\/\/dpoassociates.eu\/fr\/#\/schema\/person\/302a15bf9c51c524d89cb526c22ab649\"},\"headline\":\"La PDPB indienne et le transfert transfrontalier de donn\u00e9es aux entreprises de l&rsquo;UE\",\"datePublished\":\"2023-08-16T09:46:27+00:00\",\"dateModified\":\"2025-02-27T13:31:28+00:00\",\"mainEntityOfPage\":{\"@id\":\"https:\/\/dpoassociates.eu\/fr\/la-pdpb-indienne-et-le-transfert-transfrontalier-de-donnees-aux-entreprises-de-lue\/\"},\"wordCount\":1427,\"publisher\":{\"@id\":\"https:\/\/dpoassociates.eu\/fr\/#organization\"},\"image\":{\"@id\":\"https:\/\/dpoassociates.eu\/fr\/la-pdpb-indienne-et-le-transfert-transfrontalier-de-donnees-aux-entreprises-de-lue\/#primaryimage\"},\"thumbnailUrl\":\"https:\/\/dpoassociates.eu\/wp-content\/uploads\/2023\/08\/fintech-dot-map-1.png\",\"articleSection\":[\"G\u00e9n\u00e9ral\",\"Non classifi\u00e9(e)\"],\"inLanguage\":\"fr-FR\"},{\"@type\":\"WebPage\",\"@id\":\"https:\/\/dpoassociates.eu\/fr\/la-pdpb-indienne-et-le-transfert-transfrontalier-de-donnees-aux-entreprises-de-lue\/\",\"url\":\"https:\/\/dpoassociates.eu\/fr\/la-pdpb-indienne-et-le-transfert-transfrontalier-de-donnees-aux-entreprises-de-lue\/\",\"name\":\"La PDPB indienne et le transfert de donn\u00e9es aux entreprises de l'UE\",\"isPartOf\":{\"@id\":\"https:\/\/dpoassociates.eu\/fr\/#website\"},\"primaryImageOfPage\":{\"@id\":\"https:\/\/dpoassociates.eu\/fr\/la-pdpb-indienne-et-le-transfert-transfrontalier-de-donnees-aux-entreprises-de-lue\/#primaryimage\"},\"image\":{\"@id\":\"https:\/\/dpoassociates.eu\/fr\/la-pdpb-indienne-et-le-transfert-transfrontalier-de-donnees-aux-entreprises-de-lue\/#primaryimage\"},\"thumbnailUrl\":\"https:\/\/dpoassociates.eu\/wp-content\/uploads\/2023\/08\/fintech-dot-map-1.png\",\"datePublished\":\"2023-08-16T09:46:27+00:00\",\"dateModified\":\"2025-02-27T13:31:28+00:00\",\"description\":\"Le projet de loi indien sur la protection des donn\u00e9es (PDPB) et son impact sur les transferts transfrontaliers de donn\u00e9es avec les entreprises de l'UE\",\"breadcrumb\":{\"@id\":\"https:\/\/dpoassociates.eu\/fr\/la-pdpb-indienne-et-le-transfert-transfrontalier-de-donnees-aux-entreprises-de-lue\/#breadcrumb\"},\"inLanguage\":\"fr-FR\",\"potentialAction\":[{\"@type\":\"ReadAction\",\"target\":[\"https:\/\/dpoassociates.eu\/fr\/la-pdpb-indienne-et-le-transfert-transfrontalier-de-donnees-aux-entreprises-de-lue\/\"]}]},{\"@type\":\"ImageObject\",\"inLanguage\":\"fr-FR\",\"@id\":\"https:\/\/dpoassociates.eu\/fr\/la-pdpb-indienne-et-le-transfert-transfrontalier-de-donnees-aux-entreprises-de-lue\/#primaryimage\",\"url\":\"https:\/\/dpoassociates.eu\/wp-content\/uploads\/2023\/08\/fintech-dot-map-1.png\",\"contentUrl\":\"https:\/\/dpoassociates.eu\/wp-content\/uploads\/2023\/08\/fintech-dot-map-1.png\",\"width\":2220,\"height\":1088,\"caption\":\"pdpb\"},{\"@type\":\"BreadcrumbList\",\"@id\":\"https:\/\/dpoassociates.eu\/fr\/la-pdpb-indienne-et-le-transfert-transfrontalier-de-donnees-aux-entreprises-de-lue\/#breadcrumb\",\"itemListElement\":[{\"@type\":\"ListItem\",\"position\":1,\"name\":\"Home\",\"item\":\"https:\/\/dpoassociates.eu\/fr\/\"},{\"@type\":\"ListItem\",\"position\":2,\"name\":\"La PDPB indienne et le transfert transfrontalier de donn\u00e9es aux entreprises de l&#8217;UE\"}]},{\"@type\":\"WebSite\",\"@id\":\"https:\/\/dpoassociates.eu\/fr\/#website\",\"url\":\"https:\/\/dpoassociates.eu\/fr\/\",\"name\":\"DPO Associates\",\"description\":\"Protect, Detect, Respond\",\"publisher\":{\"@id\":\"https:\/\/dpoassociates.eu\/fr\/#organization\"},\"potentialAction\":[{\"@type\":\"SearchAction\",\"target\":{\"@type\":\"EntryPoint\",\"urlTemplate\":\"https:\/\/dpoassociates.eu\/fr\/?s={search_term_string}\"},\"query-input\":{\"@type\":\"PropertyValueSpecification\",\"valueRequired\":true,\"valueName\":\"search_term_string\"}}],\"inLanguage\":\"fr-FR\"},{\"@type\":\"Organization\",\"@id\":\"https:\/\/dpoassociates.eu\/fr\/#organization\",\"name\":\"DPO Associates\",\"url\":\"https:\/\/dpoassociates.eu\/fr\/\",\"logo\":{\"@type\":\"ImageObject\",\"inLanguage\":\"fr-FR\",\"@id\":\"https:\/\/dpoassociates.eu\/fr\/#\/schema\/logo\/image\/\",\"url\":\"https:\/\/dpoassociates.eu\/wp-content\/uploads\/2022\/09\/thumbnail_Logo-DPO-Associates-negatief-zwart-negatief-002.png\",\"contentUrl\":\"https:\/\/dpoassociates.eu\/wp-content\/uploads\/2022\/09\/thumbnail_Logo-DPO-Associates-negatief-zwart-negatief-002.png\",\"width\":651,\"height\":651,\"caption\":\"DPO Associates\"},\"image\":{\"@id\":\"https:\/\/dpoassociates.eu\/fr\/#\/schema\/logo\/image\/\"},\"sameAs\":[\"https:\/\/www.facebook.com\/profile.php?id=100083400514207\",\"https:\/\/www.linkedin.com\/company\/dpo-associates-da\/\"]},{\"@type\":\"Person\",\"@id\":\"https:\/\/dpoassociates.eu\/fr\/#\/schema\/person\/302a15bf9c51c524d89cb526c22ab649\",\"name\":\"admin\",\"image\":{\"@type\":\"ImageObject\",\"inLanguage\":\"fr-FR\",\"@id\":\"https:\/\/secure.gravatar.com\/avatar\/0b13c3c7ec36f7f3c24ceeed82ac5a11ac7dd5c84b337f0a962c2cf227bd86d3?s=96&d=mm&r=g\",\"url\":\"https:\/\/secure.gravatar.com\/avatar\/0b13c3c7ec36f7f3c24ceeed82ac5a11ac7dd5c84b337f0a962c2cf227bd86d3?s=96&d=mm&r=g\",\"contentUrl\":\"https:\/\/secure.gravatar.com\/avatar\/0b13c3c7ec36f7f3c24ceeed82ac5a11ac7dd5c84b337f0a962c2cf227bd86d3?s=96&d=mm&r=g\",\"caption\":\"admin\"},\"sameAs\":[\"https:\/\/dpoassociates.eu\"],\"url\":\"https:\/\/dpoassociates.eu\/fr\/author\/admin\/\"}]}<\/script>\n<!-- \/ Yoast SEO Premium plugin. -->","yoast_head_json":{"title":"La PDPB indienne et le transfert de donn\u00e9es aux entreprises de l'UE","description":"Le projet de loi indien sur la protection des donn\u00e9es (PDPB) et son impact sur les transferts transfrontaliers de donn\u00e9es avec les entreprises de l'UE","robots":{"index":"index","follow":"follow","max-snippet":"max-snippet:-1","max-image-preview":"max-image-preview:large","max-video-preview":"max-video-preview:-1"},"canonical":"https:\/\/dpoassociates.eu\/fr\/la-pdpb-indienne-et-le-transfert-transfrontalier-de-donnees-aux-entreprises-de-lue\/","og_locale":"fr_FR","og_type":"article","og_title":"La PDPB indienne et le transfert transfrontalier de donn\u00e9es aux entreprises de l'UE","og_description":"Le projet de loi indien sur la protection des donn\u00e9es (PDPB) et son impact sur les transferts transfrontaliers de donn\u00e9es avec les entreprises de l'UE","og_url":"https:\/\/dpoassociates.eu\/fr\/la-pdpb-indienne-et-le-transfert-transfrontalier-de-donnees-aux-entreprises-de-lue\/","og_site_name":"DPO Associates","article_publisher":"https:\/\/www.facebook.com\/profile.php?id=100083400514207","article_published_time":"2023-08-16T09:46:27+00:00","article_modified_time":"2025-02-27T13:31:28+00:00","og_image":[{"width":2220,"height":1088,"url":"https:\/\/dpoassociates.eu\/wp-content\/uploads\/2023\/08\/fintech-dot-map-1.png","type":"image\/png"}],"author":"admin","twitter_card":"summary_large_image","twitter_misc":{"\u00c9crit par":"admin","Dur\u00e9e de lecture estim\u00e9e":"7 minutes"},"schema":{"@context":"https:\/\/schema.org","@graph":[{"@type":"Article","@id":"https:\/\/dpoassociates.eu\/fr\/la-pdpb-indienne-et-le-transfert-transfrontalier-de-donnees-aux-entreprises-de-lue\/#article","isPartOf":{"@id":"https:\/\/dpoassociates.eu\/fr\/la-pdpb-indienne-et-le-transfert-transfrontalier-de-donnees-aux-entreprises-de-lue\/"},"author":{"name":"admin","@id":"https:\/\/dpoassociates.eu\/fr\/#\/schema\/person\/302a15bf9c51c524d89cb526c22ab649"},"headline":"La PDPB indienne et le transfert transfrontalier de donn\u00e9es aux entreprises de l&rsquo;UE","datePublished":"2023-08-16T09:46:27+00:00","dateModified":"2025-02-27T13:31:28+00:00","mainEntityOfPage":{"@id":"https:\/\/dpoassociates.eu\/fr\/la-pdpb-indienne-et-le-transfert-transfrontalier-de-donnees-aux-entreprises-de-lue\/"},"wordCount":1427,"publisher":{"@id":"https:\/\/dpoassociates.eu\/fr\/#organization"},"image":{"@id":"https:\/\/dpoassociates.eu\/fr\/la-pdpb-indienne-et-le-transfert-transfrontalier-de-donnees-aux-entreprises-de-lue\/#primaryimage"},"thumbnailUrl":"https:\/\/dpoassociates.eu\/wp-content\/uploads\/2023\/08\/fintech-dot-map-1.png","articleSection":["G\u00e9n\u00e9ral","Non classifi\u00e9(e)"],"inLanguage":"fr-FR"},{"@type":"WebPage","@id":"https:\/\/dpoassociates.eu\/fr\/la-pdpb-indienne-et-le-transfert-transfrontalier-de-donnees-aux-entreprises-de-lue\/","url":"https:\/\/dpoassociates.eu\/fr\/la-pdpb-indienne-et-le-transfert-transfrontalier-de-donnees-aux-entreprises-de-lue\/","name":"La PDPB indienne et le transfert de donn\u00e9es aux entreprises de l'UE","isPartOf":{"@id":"https:\/\/dpoassociates.eu\/fr\/#website"},"primaryImageOfPage":{"@id":"https:\/\/dpoassociates.eu\/fr\/la-pdpb-indienne-et-le-transfert-transfrontalier-de-donnees-aux-entreprises-de-lue\/#primaryimage"},"image":{"@id":"https:\/\/dpoassociates.eu\/fr\/la-pdpb-indienne-et-le-transfert-transfrontalier-de-donnees-aux-entreprises-de-lue\/#primaryimage"},"thumbnailUrl":"https:\/\/dpoassociates.eu\/wp-content\/uploads\/2023\/08\/fintech-dot-map-1.png","datePublished":"2023-08-16T09:46:27+00:00","dateModified":"2025-02-27T13:31:28+00:00","description":"Le projet de loi indien sur la protection des donn\u00e9es (PDPB) et son impact sur les transferts transfrontaliers de donn\u00e9es avec les entreprises de l'UE","breadcrumb":{"@id":"https:\/\/dpoassociates.eu\/fr\/la-pdpb-indienne-et-le-transfert-transfrontalier-de-donnees-aux-entreprises-de-lue\/#breadcrumb"},"inLanguage":"fr-FR","potentialAction":[{"@type":"ReadAction","target":["https:\/\/dpoassociates.eu\/fr\/la-pdpb-indienne-et-le-transfert-transfrontalier-de-donnees-aux-entreprises-de-lue\/"]}]},{"@type":"ImageObject","inLanguage":"fr-FR","@id":"https:\/\/dpoassociates.eu\/fr\/la-pdpb-indienne-et-le-transfert-transfrontalier-de-donnees-aux-entreprises-de-lue\/#primaryimage","url":"https:\/\/dpoassociates.eu\/wp-content\/uploads\/2023\/08\/fintech-dot-map-1.png","contentUrl":"https:\/\/dpoassociates.eu\/wp-content\/uploads\/2023\/08\/fintech-dot-map-1.png","width":2220,"height":1088,"caption":"pdpb"},{"@type":"BreadcrumbList","@id":"https:\/\/dpoassociates.eu\/fr\/la-pdpb-indienne-et-le-transfert-transfrontalier-de-donnees-aux-entreprises-de-lue\/#breadcrumb","itemListElement":[{"@type":"ListItem","position":1,"name":"Home","item":"https:\/\/dpoassociates.eu\/fr\/"},{"@type":"ListItem","position":2,"name":"La PDPB indienne et le transfert transfrontalier de donn\u00e9es aux entreprises de l&#8217;UE"}]},{"@type":"WebSite","@id":"https:\/\/dpoassociates.eu\/fr\/#website","url":"https:\/\/dpoassociates.eu\/fr\/","name":"DPO Associates","description":"Protect, Detect, Respond","publisher":{"@id":"https:\/\/dpoassociates.eu\/fr\/#organization"},"potentialAction":[{"@type":"SearchAction","target":{"@type":"EntryPoint","urlTemplate":"https:\/\/dpoassociates.eu\/fr\/?s={search_term_string}"},"query-input":{"@type":"PropertyValueSpecification","valueRequired":true,"valueName":"search_term_string"}}],"inLanguage":"fr-FR"},{"@type":"Organization","@id":"https:\/\/dpoassociates.eu\/fr\/#organization","name":"DPO Associates","url":"https:\/\/dpoassociates.eu\/fr\/","logo":{"@type":"ImageObject","inLanguage":"fr-FR","@id":"https:\/\/dpoassociates.eu\/fr\/#\/schema\/logo\/image\/","url":"https:\/\/dpoassociates.eu\/wp-content\/uploads\/2022\/09\/thumbnail_Logo-DPO-Associates-negatief-zwart-negatief-002.png","contentUrl":"https:\/\/dpoassociates.eu\/wp-content\/uploads\/2022\/09\/thumbnail_Logo-DPO-Associates-negatief-zwart-negatief-002.png","width":651,"height":651,"caption":"DPO Associates"},"image":{"@id":"https:\/\/dpoassociates.eu\/fr\/#\/schema\/logo\/image\/"},"sameAs":["https:\/\/www.facebook.com\/profile.php?id=100083400514207","https:\/\/www.linkedin.com\/company\/dpo-associates-da\/"]},{"@type":"Person","@id":"https:\/\/dpoassociates.eu\/fr\/#\/schema\/person\/302a15bf9c51c524d89cb526c22ab649","name":"admin","image":{"@type":"ImageObject","inLanguage":"fr-FR","@id":"https:\/\/secure.gravatar.com\/avatar\/0b13c3c7ec36f7f3c24ceeed82ac5a11ac7dd5c84b337f0a962c2cf227bd86d3?s=96&d=mm&r=g","url":"https:\/\/secure.gravatar.com\/avatar\/0b13c3c7ec36f7f3c24ceeed82ac5a11ac7dd5c84b337f0a962c2cf227bd86d3?s=96&d=mm&r=g","contentUrl":"https:\/\/secure.gravatar.com\/avatar\/0b13c3c7ec36f7f3c24ceeed82ac5a11ac7dd5c84b337f0a962c2cf227bd86d3?s=96&d=mm&r=g","caption":"admin"},"sameAs":["https:\/\/dpoassociates.eu"],"url":"https:\/\/dpoassociates.eu\/fr\/author\/admin\/"}]}},"_links":{"self":[{"href":"https:\/\/dpoassociates.eu\/fr\/wp-json\/wp\/v2\/posts\/11220","targetHints":{"allow":["GET"]}}],"collection":[{"href":"https:\/\/dpoassociates.eu\/fr\/wp-json\/wp\/v2\/posts"}],"about":[{"href":"https:\/\/dpoassociates.eu\/fr\/wp-json\/wp\/v2\/types\/post"}],"author":[{"embeddable":true,"href":"https:\/\/dpoassociates.eu\/fr\/wp-json\/wp\/v2\/users\/1"}],"replies":[{"embeddable":true,"href":"https:\/\/dpoassociates.eu\/fr\/wp-json\/wp\/v2\/comments?post=11220"}],"version-history":[{"count":2,"href":"https:\/\/dpoassociates.eu\/fr\/wp-json\/wp\/v2\/posts\/11220\/revisions"}],"predecessor-version":[{"id":19866,"href":"https:\/\/dpoassociates.eu\/fr\/wp-json\/wp\/v2\/posts\/11220\/revisions\/19866"}],"wp:featuredmedia":[{"embeddable":true,"href":"https:\/\/dpoassociates.eu\/fr\/wp-json\/wp\/v2\/media\/11167"}],"wp:attachment":[{"href":"https:\/\/dpoassociates.eu\/fr\/wp-json\/wp\/v2\/media?parent=11220"}],"wp:term":[{"taxonomy":"category","embeddable":true,"href":"https:\/\/dpoassociates.eu\/fr\/wp-json\/wp\/v2\/categories?post=11220"},{"taxonomy":"post_tag","embeddable":true,"href":"https:\/\/dpoassociates.eu\/fr\/wp-json\/wp\/v2\/tags?post=11220"}],"curies":[{"name":"wp","href":"https:\/\/api.w.org\/{rel}","templated":true}]}}